{"id":6855,"date":"2026-04-28T18:11:59","date_gmt":"2026-04-28T22:11:59","guid":{"rendered":"https:\/\/emc-mec.ca\/?post_type=news-post&#038;p=6855"},"modified":"2026-04-28T18:17:51","modified_gmt":"2026-04-28T22:17:51","slug":"mobilite-electrique-canada-salue-le-maintien-du-support-federal-a-lindustrie-canadienne-des-vehicules-electriques-dans-la-mise-a-jour-economique-du-printemps","status":"publish","type":"news-post","link":"https:\/\/emc-mec.ca\/fr\/article-de-nouvelles\/mobilite-electrique-canada-salue-le-maintien-du-support-federal-a-lindustrie-canadienne-des-vehicules-electriques-dans-la-mise-a-jour-economique-du-printemps\/","title":{"rendered":"Mobilit\u00e9 \u00e9lectrique Canada salue le maintien du support f\u00e9d\u00e9ral \u00e0 l\u2019industrie canadienne des v\u00e9hicules \u00e9lectriques dans la Mise \u00e0 jour \u00e9conomique du printemps"},"content":{"rendered":"<p>Mobilit\u00e9 \u00e9lectrique Canada (M\u00c9C) salue le maintien du support du gouvernement f\u00e9d\u00e9ral \u00e0 l\u2019industrie des v\u00e9hicules \u00e9lectriques (VE) dans la Mise \u00e0 jour \u00e9conomique du printemps d\u00e9pos\u00e9e aujourd\u2019hui par le ministre des Finances, Fran\u00e7ois-Philippe Champagne. M\u00c9C accueille favorablement la r\u00e9affirmation par le gouvernement de son engagement \u00e0 faire progresser l\u2019\u00e9lectrification des transports et \u00e0 renforcer la position du Canada sur le march\u00e9 mondial des v\u00e9hicules \u00e9lectriques.<\/p>\n<p>\u00ab M\u00c9C se r\u00e9jouit de poursuivre sa collaboration avec les partenaires f\u00e9d\u00e9raux et les parties prenantes de l\u2019industrie afin de faire avancer des initiatives strat\u00e9giques cl\u00e9s, notamment l\u2019\u00e9laboration d\u2019une Strat\u00e9gie nationale sur les infrastructures de recharge \u00bb, a d\u00e9clar\u00e9 Daniel Breton, pr\u00e9sident et chef de la direction de Mobilit\u00e9 \u00e9lectrique Canada.<\/p>\n<p><img loading=\"lazy\" decoding=\"async\" class=\"alignnone  wp-image-6856\" src=\"https:\/\/emc-mec.ca\/wp-content\/uploads\/2026\/04\/Image-2026-04-28-at-5.45-PM-300x239.png\" alt=\"\" width=\"757\" height=\"603\" srcset=\"https:\/\/emc-mec.ca\/wp-content\/uploads\/2026\/04\/Image-2026-04-28-at-5.45-PM-300x239.png 300w, https:\/\/emc-mec.ca\/wp-content\/uploads\/2026\/04\/Image-2026-04-28-at-5.45-PM-1024x815.png 1024w, https:\/\/emc-mec.ca\/wp-content\/uploads\/2026\/04\/Image-2026-04-28-at-5.45-PM-768x611.png 768w, https:\/\/emc-mec.ca\/wp-content\/uploads\/2026\/04\/Image-2026-04-28-at-5.45-PM.png 1244w\" sizes=\"auto, (max-width: 757px) 100vw, 757px\" \/><\/p>\n<p><em>(Source : Mise \u00e0 jour \u00e9conomique du printemps, p. 79)<\/em><\/p>\n<p>La mise \u00e0 jour ne comprend toutefois pas de nouvelles mesures li\u00e9es \u00e0 la strat\u00e9gie f\u00e9d\u00e9rale pour le secteur automobile. De plus, aucune annonce majeure n\u2019a \u00e9t\u00e9 faite concernant les autobus scolaires \u00e9lectriques, les v\u00e9hicules moyens et lourds ou l\u2019\u00e9lectrification du transport collectif. M\u00c9C poursuivra ses \u00e9changes avec le gouvernement au cours des prochains mois afin de plaider en faveur de politiques exhaustives et de futures annonces visant ces segments essentiels.<\/p>\n<p>M\u00c9C souligne \u00e9galement que plusieurs mesures plus larges incluses dans la mise \u00e0 jour pourraient soutenir la croissance de l\u2019industrie canadienne du transport \u00e9lectrique. Le fonds souverain d\u2019investissement propos\u00e9 pourrait appuyer des projets d\u2019int\u00e9r\u00eat national, y compris des initiatives li\u00e9es aux v\u00e9hicules \u00e9lectriques et \u00e0 la cha\u00eene d\u2019approvisionnement des batteries. L\u2019engagement du gouvernement \u00e0 lancer un programme d\u2019approvisionnement destin\u00e9 aux petites et moyennes entreprises pourrait \u00e9galement am\u00e9liorer l\u2019acc\u00e8s des entreprises canadiennes du secteur aux occasions de contrats f\u00e9d\u00e9raux. Enfin, M\u00c9C accueille favorablement l\u2019am\u00e9lioration de la d\u00e9duction pour amortissement (DPA) et des cr\u00e9dits d\u2019imp\u00f4t pour la recherche scientifique et le d\u00e9veloppement exp\u00e9rimental (RS&amp;DE), annonc\u00e9e dans la mise \u00e0 jour, comme un outil pour soutenir la productivit\u00e9 des entreprises et encourager de nouveaux investissements.<\/p>\n","protected":false},"excerpt":{"rendered":"<p>Mobilit\u00e9 \u00e9lectrique Canada (M\u00c9C) salue le maintien du support du gouvernement f\u00e9d\u00e9ral \u00e0 l\u2019industrie des v\u00e9hicules \u00e9lectriques (VE) dans la Mise \u00e0 jour \u00e9conomique du [&hellip;]<\/p>\n","protected":false},"featured_media":0,"menu_order":0,"template":"","meta":{"_acf_changed":false,"_monsterinsights_skip_tracking":false,"_monsterinsights_sitenote_active":false,"_monsterinsights_sitenote_note":"","_monsterinsights_sitenote_category":0},"news-post-category":[58],"class_list":["post-6855","news-post","type-news-post","status-publish","hentry","news-post-category-emc-news-release-fr"],"acf":[],"yoast_head":"<!-- This site is optimized with the Yoast SEO plugin v27.5 - https:\/\/yoast.com\/product\/yoast-seo-wordpress\/ -->\n<title>Mobilit\u00e9 \u00e9lectrique Canada salue le maintien du support f\u00e9d\u00e9ral \u00e0 l\u2019industrie canadienne des v\u00e9hicules \u00e9lectriques dans la Mise \u00e0 jour \u00e9conomique du printemps - Mobilit\u00e9 Electrique Canada<\/title>\n<meta name=\"robots\" content=\"index, follow, max-snippet:-1, max-image-preview:large, max-video-preview:-1\" \/>\n<link rel=\"canonical\" href=\"https:\/\/emc-mec.ca\/fr\/article-de-nouvelles\/mobilite-electrique-canada-salue-le-maintien-du-support-federal-a-lindustrie-canadienne-des-vehicules-electriques-dans-la-mise-a-jour-economique-du-printemps\/\" \/>\n<meta property=\"og:locale\" content=\"fr_FR\" \/>\n<meta property=\"og:type\" content=\"article\" \/>\n<meta property=\"og:title\" content=\"Mobilit\u00e9 \u00e9lectrique Canada salue le maintien du support f\u00e9d\u00e9ral \u00e0 l\u2019industrie canadienne des v\u00e9hicules \u00e9lectriques dans la Mise \u00e0 jour \u00e9conomique du printemps - Mobilit\u00e9 Electrique Canada\" \/>\n<meta property=\"og:description\" content=\"Mobilit\u00e9 \u00e9lectrique Canada (M\u00c9C) salue le maintien du support du gouvernement f\u00e9d\u00e9ral \u00e0 l\u2019industrie des v\u00e9hicules \u00e9lectriques (VE) dans la Mise \u00e0 jour \u00e9conomique du [&hellip;]\" \/>\n<meta property=\"og:url\" content=\"https:\/\/emc-mec.ca\/fr\/article-de-nouvelles\/mobilite-electrique-canada-salue-le-maintien-du-support-federal-a-lindustrie-canadienne-des-vehicules-electriques-dans-la-mise-a-jour-economique-du-printemps\/\" \/>\n<meta property=\"og:site_name\" content=\"Mobilit\u00e9 Electrique Canada\" \/>\n<meta property=\"article:modified_time\" content=\"2026-04-28T22:17:51+00:00\" \/>\n<meta property=\"og:image\" content=\"https:\/\/emc-mec.ca\/wp-content\/uploads\/2026\/04\/Image-2026-04-28-at-5.45-PM.png\" \/>\n\t<meta property=\"og:image:width\" content=\"1244\" \/>\n\t<meta property=\"og:image:height\" content=\"990\" \/>\n\t<meta property=\"og:image:type\" content=\"image\/png\" \/>\n<meta name=\"twitter:card\" content=\"summary_large_image\" \/>\n<meta name=\"twitter:label1\" content=\"Dur\u00e9e de lecture estim\u00e9e\" \/>\n\t<meta name=\"twitter:data1\" content=\"2 minutes\" \/>\n<script type=\"application\/ld+json\" class=\"yoast-schema-graph\">{\"@context\":\"https:\\\/\\\/schema.org\",\"@graph\":[{\"@type\":\"WebPage\",\"@id\":\"https:\\\/\\\/emc-mec.ca\\\/fr\\\/article-de-nouvelles\\\/mobilite-electrique-canada-salue-le-maintien-du-support-federal-a-lindustrie-canadienne-des-vehicules-electriques-dans-la-mise-a-jour-economique-du-printemps\\\/\",\"url\":\"https:\\\/\\\/emc-mec.ca\\\/fr\\\/article-de-nouvelles\\\/mobilite-electrique-canada-salue-le-maintien-du-support-federal-a-lindustrie-canadienne-des-vehicules-electriques-dans-la-mise-a-jour-economique-du-printemps\\\/\",\"name\":\"Mobilit\u00e9 \u00e9lectrique Canada salue le maintien du support f\u00e9d\u00e9ral \u00e0 l\u2019industrie canadienne des v\u00e9hicules \u00e9lectriques dans la Mise \u00e0 jour \u00e9conomique du printemps - Mobilit\u00e9 Electrique Canada\",\"isPartOf\":{\"@id\":\"https:\\\/\\\/emc-mec.ca\\\/#website\"},\"primaryImageOfPage\":{\"@id\":\"https:\\\/\\\/emc-mec.ca\\\/fr\\\/article-de-nouvelles\\\/mobilite-electrique-canada-salue-le-maintien-du-support-federal-a-lindustrie-canadienne-des-vehicules-electriques-dans-la-mise-a-jour-economique-du-printemps\\\/#primaryimage\"},\"image\":{\"@id\":\"https:\\\/\\\/emc-mec.ca\\\/fr\\\/article-de-nouvelles\\\/mobilite-electrique-canada-salue-le-maintien-du-support-federal-a-lindustrie-canadienne-des-vehicules-electriques-dans-la-mise-a-jour-economique-du-printemps\\\/#primaryimage\"},\"thumbnailUrl\":\"https:\\\/\\\/emc-mec.ca\\\/wp-content\\\/uploads\\\/2026\\\/04\\\/Image-2026-04-28-at-5.45-PM-300x239.png\",\"datePublished\":\"2026-04-28T22:11:59+00:00\",\"dateModified\":\"2026-04-28T22:17:51+00:00\",\"breadcrumb\":{\"@id\":\"https:\\\/\\\/emc-mec.ca\\\/fr\\\/article-de-nouvelles\\\/mobilite-electrique-canada-salue-le-maintien-du-support-federal-a-lindustrie-canadienne-des-vehicules-electriques-dans-la-mise-a-jour-economique-du-printemps\\\/#breadcrumb\"},\"inLanguage\":\"fr-FR\",\"potentialAction\":[{\"@type\":\"ReadAction\",\"target\":[\"https:\\\/\\\/emc-mec.ca\\\/fr\\\/article-de-nouvelles\\\/mobilite-electrique-canada-salue-le-maintien-du-support-federal-a-lindustrie-canadienne-des-vehicules-electriques-dans-la-mise-a-jour-economique-du-printemps\\\/\"]}]},{\"@type\":\"ImageObject\",\"inLanguage\":\"fr-FR\",\"@id\":\"https:\\\/\\\/emc-mec.ca\\\/fr\\\/article-de-nouvelles\\\/mobilite-electrique-canada-salue-le-maintien-du-support-federal-a-lindustrie-canadienne-des-vehicules-electriques-dans-la-mise-a-jour-economique-du-printemps\\\/#primaryimage\",\"url\":\"https:\\\/\\\/emc-mec.ca\\\/wp-content\\\/uploads\\\/2026\\\/04\\\/Image-2026-04-28-at-5.45-PM-300x239.png\",\"contentUrl\":\"https:\\\/\\\/emc-mec.ca\\\/wp-content\\\/uploads\\\/2026\\\/04\\\/Image-2026-04-28-at-5.45-PM-300x239.png\"},{\"@type\":\"BreadcrumbList\",\"@id\":\"https:\\\/\\\/emc-mec.ca\\\/fr\\\/article-de-nouvelles\\\/mobilite-electrique-canada-salue-le-maintien-du-support-federal-a-lindustrie-canadienne-des-vehicules-electriques-dans-la-mise-a-jour-economique-du-printemps\\\/#breadcrumb\",\"itemListElement\":[{\"@type\":\"ListItem\",\"position\":1,\"name\":\"Home\",\"item\":\"https:\\\/\\\/emc-mec.ca\\\/fr\\\/\"},{\"@type\":\"ListItem\",\"position\":2,\"name\":\"News\",\"item\":\"https:\\\/\\\/emc-mec.ca\\\/fr\\\/article-de-nouvelles\\\/\"},{\"@type\":\"ListItem\",\"position\":3,\"name\":\"Mobilit\u00e9 \u00e9lectrique Canada salue le maintien du support f\u00e9d\u00e9ral \u00e0 l\u2019industrie canadienne des v\u00e9hicules \u00e9lectriques dans la Mise \u00e0 jour \u00e9conomique du printemps\"}]},{\"@type\":\"WebSite\",\"@id\":\"https:\\\/\\\/emc-mec.ca\\\/#website\",\"url\":\"https:\\\/\\\/emc-mec.ca\\\/\",\"name\":\"Mobilit\u00e9 Electrique Canada\",\"description\":\"Acc\u00e9l\u00e9rer l&#039;\u00e9lectrification des transports\",\"potentialAction\":[{\"@type\":\"SearchAction\",\"target\":{\"@type\":\"EntryPoint\",\"urlTemplate\":\"https:\\\/\\\/emc-mec.ca\\\/?s={search_term_string}\"},\"query-input\":{\"@type\":\"PropertyValueSpecification\",\"valueRequired\":true,\"valueName\":\"search_term_string\"}}],\"inLanguage\":\"fr-FR\"}]}<\/script>\n<!-- \/ Yoast SEO plugin. -->","yoast_head_json":{"title":"Mobilit\u00e9 \u00e9lectrique Canada salue le maintien du support f\u00e9d\u00e9ral \u00e0 l\u2019industrie canadienne des v\u00e9hicules \u00e9lectriques dans la Mise \u00e0 jour \u00e9conomique du printemps - Mobilit\u00e9 Electrique Canada","robots":{"index":"index","follow":"follow","max-snippet":"max-snippet:-1","max-image-preview":"max-image-preview:large","max-video-preview":"max-video-preview:-1"},"canonical":"https:\/\/emc-mec.ca\/fr\/article-de-nouvelles\/mobilite-electrique-canada-salue-le-maintien-du-support-federal-a-lindustrie-canadienne-des-vehicules-electriques-dans-la-mise-a-jour-economique-du-printemps\/","og_locale":"fr_FR","og_type":"article","og_title":"Mobilit\u00e9 \u00e9lectrique Canada salue le maintien du support f\u00e9d\u00e9ral \u00e0 l\u2019industrie canadienne des v\u00e9hicules \u00e9lectriques dans la Mise \u00e0 jour \u00e9conomique du printemps - Mobilit\u00e9 Electrique Canada","og_description":"Mobilit\u00e9 \u00e9lectrique Canada (M\u00c9C) salue le maintien du support du gouvernement f\u00e9d\u00e9ral \u00e0 l\u2019industrie des v\u00e9hicules \u00e9lectriques (VE) dans la Mise \u00e0 jour \u00e9conomique du [&hellip;]","og_url":"https:\/\/emc-mec.ca\/fr\/article-de-nouvelles\/mobilite-electrique-canada-salue-le-maintien-du-support-federal-a-lindustrie-canadienne-des-vehicules-electriques-dans-la-mise-a-jour-economique-du-printemps\/","og_site_name":"Mobilit\u00e9 Electrique Canada","article_modified_time":"2026-04-28T22:17:51+00:00","og_image":[{"width":1244,"height":990,"url":"https:\/\/emc-mec.ca\/wp-content\/uploads\/2026\/04\/Image-2026-04-28-at-5.45-PM.png","type":"image\/png"}],"twitter_card":"summary_large_image","twitter_misc":{"Dur\u00e9e de lecture estim\u00e9e":"2 minutes"},"schema":{"@context":"https:\/\/schema.org","@graph":[{"@type":"WebPage","@id":"https:\/\/emc-mec.ca\/fr\/article-de-nouvelles\/mobilite-electrique-canada-salue-le-maintien-du-support-federal-a-lindustrie-canadienne-des-vehicules-electriques-dans-la-mise-a-jour-economique-du-printemps\/","url":"https:\/\/emc-mec.ca\/fr\/article-de-nouvelles\/mobilite-electrique-canada-salue-le-maintien-du-support-federal-a-lindustrie-canadienne-des-vehicules-electriques-dans-la-mise-a-jour-economique-du-printemps\/","name":"Mobilit\u00e9 \u00e9lectrique Canada salue le maintien du support f\u00e9d\u00e9ral \u00e0 l\u2019industrie canadienne des v\u00e9hicules \u00e9lectriques dans la Mise \u00e0 jour \u00e9conomique du printemps - Mobilit\u00e9 Electrique Canada","isPartOf":{"@id":"https:\/\/emc-mec.ca\/#website"},"primaryImageOfPage":{"@id":"https:\/\/emc-mec.ca\/fr\/article-de-nouvelles\/mobilite-electrique-canada-salue-le-maintien-du-support-federal-a-lindustrie-canadienne-des-vehicules-electriques-dans-la-mise-a-jour-economique-du-printemps\/#primaryimage"},"image":{"@id":"https:\/\/emc-mec.ca\/fr\/article-de-nouvelles\/mobilite-electrique-canada-salue-le-maintien-du-support-federal-a-lindustrie-canadienne-des-vehicules-electriques-dans-la-mise-a-jour-economique-du-printemps\/#primaryimage"},"thumbnailUrl":"https:\/\/emc-mec.ca\/wp-content\/uploads\/2026\/04\/Image-2026-04-28-at-5.45-PM-300x239.png","datePublished":"2026-04-28T22:11:59+00:00","dateModified":"2026-04-28T22:17:51+00:00","breadcrumb":{"@id":"https:\/\/emc-mec.ca\/fr\/article-de-nouvelles\/mobilite-electrique-canada-salue-le-maintien-du-support-federal-a-lindustrie-canadienne-des-vehicules-electriques-dans-la-mise-a-jour-economique-du-printemps\/#breadcrumb"},"inLanguage":"fr-FR","potentialAction":[{"@type":"ReadAction","target":["https:\/\/emc-mec.ca\/fr\/article-de-nouvelles\/mobilite-electrique-canada-salue-le-maintien-du-support-federal-a-lindustrie-canadienne-des-vehicules-electriques-dans-la-mise-a-jour-economique-du-printemps\/"]}]},{"@type":"ImageObject","inLanguage":"fr-FR","@id":"https:\/\/emc-mec.ca\/fr\/article-de-nouvelles\/mobilite-electrique-canada-salue-le-maintien-du-support-federal-a-lindustrie-canadienne-des-vehicules-electriques-dans-la-mise-a-jour-economique-du-printemps\/#primaryimage","url":"https:\/\/emc-mec.ca\/wp-content\/uploads\/2026\/04\/Image-2026-04-28-at-5.45-PM-300x239.png","contentUrl":"https:\/\/emc-mec.ca\/wp-content\/uploads\/2026\/04\/Image-2026-04-28-at-5.45-PM-300x239.png"},{"@type":"BreadcrumbList","@id":"https:\/\/emc-mec.ca\/fr\/article-de-nouvelles\/mobilite-electrique-canada-salue-le-maintien-du-support-federal-a-lindustrie-canadienne-des-vehicules-electriques-dans-la-mise-a-jour-economique-du-printemps\/#breadcrumb","itemListElement":[{"@type":"ListItem","position":1,"name":"Home","item":"https:\/\/emc-mec.ca\/fr\/"},{"@type":"ListItem","position":2,"name":"News","item":"https:\/\/emc-mec.ca\/fr\/article-de-nouvelles\/"},{"@type":"ListItem","position":3,"name":"Mobilit\u00e9 \u00e9lectrique Canada salue le maintien du support f\u00e9d\u00e9ral \u00e0 l\u2019industrie canadienne des v\u00e9hicules \u00e9lectriques dans la Mise \u00e0 jour \u00e9conomique du printemps"}]},{"@type":"WebSite","@id":"https:\/\/emc-mec.ca\/#website","url":"https:\/\/emc-mec.ca\/","name":"Mobilit\u00e9 Electrique Canada","description":"Acc\u00e9l\u00e9rer l&#039;\u00e9lectrification des transports","potentialAction":[{"@type":"SearchAction","target":{"@type":"EntryPoint","urlTemplate":"https:\/\/emc-mec.ca\/?s={search_term_string}"},"query-input":{"@type":"PropertyValueSpecification","valueRequired":true,"valueName":"search_term_string"}}],"inLanguage":"fr-FR"}]}},"_links":{"self":[{"href":"https:\/\/emc-mec.ca\/fr\/wp-json\/wp\/v2\/news-post\/6855","targetHints":{"allow":["GET"]}}],"collection":[{"href":"https:\/\/emc-mec.ca\/fr\/wp-json\/wp\/v2\/news-post"}],"about":[{"href":"https:\/\/emc-mec.ca\/fr\/wp-json\/wp\/v2\/types\/news-post"}],"wp:attachment":[{"href":"https:\/\/emc-mec.ca\/fr\/wp-json\/wp\/v2\/media?parent=6855"}],"wp:term":[{"taxonomy":"news-post-category","embeddable":true,"href":"https:\/\/emc-mec.ca\/fr\/wp-json\/wp\/v2\/news-post-category?post=6855"}],"curies":[{"name":"wp","href":"https:\/\/api.w.org\/{rel}","templated":true}]}}