{"id":4682,"date":"2025-02-02T11:09:21","date_gmt":"2025-02-02T16:09:21","guid":{"rendered":"https:\/\/emc-mec.ca\/?post_type=news-post&#038;p=4682"},"modified":"2025-02-06T17:02:40","modified_gmt":"2025-02-06T22:02:40","slug":"declaration-de-mec-sur-les-tarifs-douaniers-americains","status":"publish","type":"news-post","link":"https:\/\/emc-mec.ca\/fr\/article-de-nouvelles\/declaration-de-mec-sur-les-tarifs-douaniers-americains\/","title":{"rendered":"D\u00e9claration de MEC sur les tarifs douaniers am\u00e9ricains"},"content":{"rendered":"<p><img loading=\"lazy\" decoding=\"async\" class=\"size-medium wp-image-3443 aligncenter\" src=\"https:\/\/emc-mec.ca\/wp-content\/uploads\/2024\/10\/logo-emc-300x76.jpg\" alt=\"\" width=\"300\" height=\"76\" srcset=\"https:\/\/emc-mec.ca\/wp-content\/uploads\/2024\/10\/logo-emc-300x76.jpg 300w, https:\/\/emc-mec.ca\/wp-content\/uploads\/2024\/10\/logo-emc.jpg 741w\" sizes=\"auto, (max-width: 300px) 100vw, 300px\" \/><\/p>\n<p><strong><br \/>\nD\u00e9claration de MEC sur les tarifs douaniers am\u00e9ricains<\/strong><\/p>\n<p>1er f\u00e9vrier 2025<\/p>\n<p>\u00ab Les tarifs douaniers annonc\u00e9s le 1er f\u00e9vrier par le pr\u00e9sident Donald Trump sont extr\u00eamement d\u00e9cevants. Ils nuiront \u00e0 des millions de travailleurs et de consommateurs des deux c\u00f4t\u00e9s de la fronti\u00e8re. De plus, ils constituent une violation flagrante de l\u2019accord commercial ACEUM\u2026qu\u2019il a lui-m\u00eame sign\u00e9 il y a moins de 5 ans.<\/p>\n<p>Chez Mobilit\u00e9 \u00c9lectrique Canada, nous consid\u00e9rons ces tarifs comme une erreur aux proportions historiques et nous soutiendrons le Canada dans ce dossier. \u00bb<\/p>\n<p><em>Daniel Breton, Pr\u00e9sident-directeur g\u00e9n\u00e9ral, Mobilit\u00e9 \u00c9lectrique Canada<\/em><\/p>\n<p><em>Contact: 514-883-9274<\/em><\/p>\n","protected":false},"excerpt":{"rendered":"<p>D\u00e9claration de MEC sur les tarifs douaniers am\u00e9ricains 1er f\u00e9vrier 2025 \u00ab Les tarifs douaniers annonc\u00e9s le 1er f\u00e9vrier par le pr\u00e9sident Donald Trump sont [&hellip;]<\/p>\n","protected":false},"featured_media":0,"menu_order":0,"template":"","meta":{"_acf_changed":false,"_monsterinsights_skip_tracking":false,"_monsterinsights_sitenote_active":false,"_monsterinsights_sitenote_note":"","_monsterinsights_sitenote_category":0},"news-post-category":[],"class_list":["post-4682","news-post","type-news-post","status-publish","hentry"],"acf":[],"yoast_head":"<!-- This site is optimized with the Yoast SEO plugin v27.4 - https:\/\/yoast.com\/product\/yoast-seo-wordpress\/ -->\n<title>D\u00e9claration de MEC sur les tarifs douaniers am\u00e9ricains - Mobilit\u00e9 Electrique Canada<\/title>\n<meta name=\"robots\" content=\"index, follow, max-snippet:-1, max-image-preview:large, max-video-preview:-1\" \/>\n<link rel=\"canonical\" href=\"https:\/\/emc-mec.ca\/fr\/article-de-nouvelles\/declaration-de-mec-sur-les-tarifs-douaniers-americains\/\" \/>\n<meta property=\"og:locale\" content=\"fr_FR\" \/>\n<meta property=\"og:type\" content=\"article\" \/>\n<meta property=\"og:title\" content=\"D\u00e9claration de MEC sur les tarifs douaniers am\u00e9ricains - Mobilit\u00e9 Electrique Canada\" \/>\n<meta property=\"og:description\" content=\"D\u00e9claration de MEC sur les tarifs douaniers am\u00e9ricains 1er f\u00e9vrier 2025 \u00ab Les tarifs douaniers annonc\u00e9s le 1er f\u00e9vrier par le pr\u00e9sident Donald Trump sont [&hellip;]\" \/>\n<meta property=\"og:url\" content=\"https:\/\/emc-mec.ca\/fr\/article-de-nouvelles\/declaration-de-mec-sur-les-tarifs-douaniers-americains\/\" \/>\n<meta property=\"og:site_name\" content=\"Mobilit\u00e9 Electrique Canada\" \/>\n<meta property=\"article:modified_time\" content=\"2025-02-06T22:02:40+00:00\" \/>\n<meta property=\"og:image\" content=\"https:\/\/emc-mec.ca\/wp-content\/uploads\/2024\/10\/logo-emc.jpg\" \/>\n\t<meta property=\"og:image:width\" content=\"741\" \/>\n\t<meta property=\"og:image:height\" content=\"188\" \/>\n\t<meta property=\"og:image:type\" content=\"image\/jpeg\" \/>\n<meta name=\"twitter:card\" content=\"summary_large_image\" \/>\n<meta name=\"twitter:label1\" content=\"Dur\u00e9e de lecture estim\u00e9e\" \/>\n\t<meta name=\"twitter:data1\" content=\"1 minute\" \/>\n<script type=\"application\/ld+json\" class=\"yoast-schema-graph\">{\"@context\":\"https:\\\/\\\/schema.org\",\"@graph\":[{\"@type\":\"WebPage\",\"@id\":\"https:\\\/\\\/emc-mec.ca\\\/fr\\\/article-de-nouvelles\\\/declaration-de-mec-sur-les-tarifs-douaniers-americains\\\/\",\"url\":\"https:\\\/\\\/emc-mec.ca\\\/fr\\\/article-de-nouvelles\\\/declaration-de-mec-sur-les-tarifs-douaniers-americains\\\/\",\"name\":\"D\u00e9claration de MEC sur les tarifs douaniers am\u00e9ricains - Mobilit\u00e9 Electrique Canada\",\"isPartOf\":{\"@id\":\"https:\\\/\\\/emc-mec.ca\\\/#website\"},\"primaryImageOfPage\":{\"@id\":\"https:\\\/\\\/emc-mec.ca\\\/fr\\\/article-de-nouvelles\\\/declaration-de-mec-sur-les-tarifs-douaniers-americains\\\/#primaryimage\"},\"image\":{\"@id\":\"https:\\\/\\\/emc-mec.ca\\\/fr\\\/article-de-nouvelles\\\/declaration-de-mec-sur-les-tarifs-douaniers-americains\\\/#primaryimage\"},\"thumbnailUrl\":\"https:\\\/\\\/emc-mec.ca\\\/wp-content\\\/uploads\\\/2024\\\/10\\\/logo-emc-300x76.jpg\",\"datePublished\":\"2025-02-02T16:09:21+00:00\",\"dateModified\":\"2025-02-06T22:02:40+00:00\",\"breadcrumb\":{\"@id\":\"https:\\\/\\\/emc-mec.ca\\\/fr\\\/article-de-nouvelles\\\/declaration-de-mec-sur-les-tarifs-douaniers-americains\\\/#breadcrumb\"},\"inLanguage\":\"fr-FR\",\"potentialAction\":[{\"@type\":\"ReadAction\",\"target\":[\"https:\\\/\\\/emc-mec.ca\\\/fr\\\/article-de-nouvelles\\\/declaration-de-mec-sur-les-tarifs-douaniers-americains\\\/\"]}]},{\"@type\":\"ImageObject\",\"inLanguage\":\"fr-FR\",\"@id\":\"https:\\\/\\\/emc-mec.ca\\\/fr\\\/article-de-nouvelles\\\/declaration-de-mec-sur-les-tarifs-douaniers-americains\\\/#primaryimage\",\"url\":\"https:\\\/\\\/emc-mec.ca\\\/wp-content\\\/uploads\\\/2024\\\/10\\\/logo-emc-300x76.jpg\",\"contentUrl\":\"https:\\\/\\\/emc-mec.ca\\\/wp-content\\\/uploads\\\/2024\\\/10\\\/logo-emc-300x76.jpg\"},{\"@type\":\"BreadcrumbList\",\"@id\":\"https:\\\/\\\/emc-mec.ca\\\/fr\\\/article-de-nouvelles\\\/declaration-de-mec-sur-les-tarifs-douaniers-americains\\\/#breadcrumb\",\"itemListElement\":[{\"@type\":\"ListItem\",\"position\":1,\"name\":\"Home\",\"item\":\"https:\\\/\\\/emc-mec.ca\\\/fr\\\/\"},{\"@type\":\"ListItem\",\"position\":2,\"name\":\"News\",\"item\":\"https:\\\/\\\/emc-mec.ca\\\/fr\\\/article-de-nouvelles\\\/\"},{\"@type\":\"ListItem\",\"position\":3,\"name\":\"D\u00e9claration de MEC sur les tarifs douaniers am\u00e9ricains\"}]},{\"@type\":\"WebSite\",\"@id\":\"https:\\\/\\\/emc-mec.ca\\\/#website\",\"url\":\"https:\\\/\\\/emc-mec.ca\\\/\",\"name\":\"Mobilit\u00e9 Electrique Canada\",\"description\":\"Acc\u00e9l\u00e9rer l&#039;\u00e9lectrification des transports\",\"potentialAction\":[{\"@type\":\"SearchAction\",\"target\":{\"@type\":\"EntryPoint\",\"urlTemplate\":\"https:\\\/\\\/emc-mec.ca\\\/?s={search_term_string}\"},\"query-input\":{\"@type\":\"PropertyValueSpecification\",\"valueRequired\":true,\"valueName\":\"search_term_string\"}}],\"inLanguage\":\"fr-FR\"}]}<\/script>\n<!-- \/ Yoast SEO plugin. -->","yoast_head_json":{"title":"D\u00e9claration de MEC sur les tarifs douaniers am\u00e9ricains - Mobilit\u00e9 Electrique Canada","robots":{"index":"index","follow":"follow","max-snippet":"max-snippet:-1","max-image-preview":"max-image-preview:large","max-video-preview":"max-video-preview:-1"},"canonical":"https:\/\/emc-mec.ca\/fr\/article-de-nouvelles\/declaration-de-mec-sur-les-tarifs-douaniers-americains\/","og_locale":"fr_FR","og_type":"article","og_title":"D\u00e9claration de MEC sur les tarifs douaniers am\u00e9ricains - Mobilit\u00e9 Electrique Canada","og_description":"D\u00e9claration de MEC sur les tarifs douaniers am\u00e9ricains 1er f\u00e9vrier 2025 \u00ab Les tarifs douaniers annonc\u00e9s le 1er f\u00e9vrier par le pr\u00e9sident Donald Trump sont [&hellip;]","og_url":"https:\/\/emc-mec.ca\/fr\/article-de-nouvelles\/declaration-de-mec-sur-les-tarifs-douaniers-americains\/","og_site_name":"Mobilit\u00e9 Electrique Canada","article_modified_time":"2025-02-06T22:02:40+00:00","og_image":[{"width":741,"height":188,"url":"https:\/\/emc-mec.ca\/wp-content\/uploads\/2024\/10\/logo-emc.jpg","type":"image\/jpeg"}],"twitter_card":"summary_large_image","twitter_misc":{"Dur\u00e9e de lecture estim\u00e9e":"1 minute"},"schema":{"@context":"https:\/\/schema.org","@graph":[{"@type":"WebPage","@id":"https:\/\/emc-mec.ca\/fr\/article-de-nouvelles\/declaration-de-mec-sur-les-tarifs-douaniers-americains\/","url":"https:\/\/emc-mec.ca\/fr\/article-de-nouvelles\/declaration-de-mec-sur-les-tarifs-douaniers-americains\/","name":"D\u00e9claration de MEC sur les tarifs douaniers am\u00e9ricains - Mobilit\u00e9 Electrique Canada","isPartOf":{"@id":"https:\/\/emc-mec.ca\/#website"},"primaryImageOfPage":{"@id":"https:\/\/emc-mec.ca\/fr\/article-de-nouvelles\/declaration-de-mec-sur-les-tarifs-douaniers-americains\/#primaryimage"},"image":{"@id":"https:\/\/emc-mec.ca\/fr\/article-de-nouvelles\/declaration-de-mec-sur-les-tarifs-douaniers-americains\/#primaryimage"},"thumbnailUrl":"https:\/\/emc-mec.ca\/wp-content\/uploads\/2024\/10\/logo-emc-300x76.jpg","datePublished":"2025-02-02T16:09:21+00:00","dateModified":"2025-02-06T22:02:40+00:00","breadcrumb":{"@id":"https:\/\/emc-mec.ca\/fr\/article-de-nouvelles\/declaration-de-mec-sur-les-tarifs-douaniers-americains\/#breadcrumb"},"inLanguage":"fr-FR","potentialAction":[{"@type":"ReadAction","target":["https:\/\/emc-mec.ca\/fr\/article-de-nouvelles\/declaration-de-mec-sur-les-tarifs-douaniers-americains\/"]}]},{"@type":"ImageObject","inLanguage":"fr-FR","@id":"https:\/\/emc-mec.ca\/fr\/article-de-nouvelles\/declaration-de-mec-sur-les-tarifs-douaniers-americains\/#primaryimage","url":"https:\/\/emc-mec.ca\/wp-content\/uploads\/2024\/10\/logo-emc-300x76.jpg","contentUrl":"https:\/\/emc-mec.ca\/wp-content\/uploads\/2024\/10\/logo-emc-300x76.jpg"},{"@type":"BreadcrumbList","@id":"https:\/\/emc-mec.ca\/fr\/article-de-nouvelles\/declaration-de-mec-sur-les-tarifs-douaniers-americains\/#breadcrumb","itemListElement":[{"@type":"ListItem","position":1,"name":"Home","item":"https:\/\/emc-mec.ca\/fr\/"},{"@type":"ListItem","position":2,"name":"News","item":"https:\/\/emc-mec.ca\/fr\/article-de-nouvelles\/"},{"@type":"ListItem","position":3,"name":"D\u00e9claration de MEC sur les tarifs douaniers am\u00e9ricains"}]},{"@type":"WebSite","@id":"https:\/\/emc-mec.ca\/#website","url":"https:\/\/emc-mec.ca\/","name":"Mobilit\u00e9 Electrique Canada","description":"Acc\u00e9l\u00e9rer l&#039;\u00e9lectrification des transports","potentialAction":[{"@type":"SearchAction","target":{"@type":"EntryPoint","urlTemplate":"https:\/\/emc-mec.ca\/?s={search_term_string}"},"query-input":{"@type":"PropertyValueSpecification","valueRequired":true,"valueName":"search_term_string"}}],"inLanguage":"fr-FR"}]}},"_links":{"self":[{"href":"https:\/\/emc-mec.ca\/fr\/wp-json\/wp\/v2\/news-post\/4682","targetHints":{"allow":["GET"]}}],"collection":[{"href":"https:\/\/emc-mec.ca\/fr\/wp-json\/wp\/v2\/news-post"}],"about":[{"href":"https:\/\/emc-mec.ca\/fr\/wp-json\/wp\/v2\/types\/news-post"}],"wp:attachment":[{"href":"https:\/\/emc-mec.ca\/fr\/wp-json\/wp\/v2\/media?parent=4682"}],"wp:term":[{"taxonomy":"news-post-category","embeddable":true,"href":"https:\/\/emc-mec.ca\/fr\/wp-json\/wp\/v2\/news-post-category?post=4682"}],"curies":[{"name":"wp","href":"https:\/\/api.w.org\/{rel}","templated":true}]}}