{"id":4565,"date":"2025-01-10T13:09:09","date_gmt":"2025-01-10T18:09:09","guid":{"rendered":"https:\/\/emc-mec.ca\/?post_type=news-post&#038;p=4565"},"modified":"2025-01-10T16:07:14","modified_gmt":"2025-01-10T21:07:14","slug":"mec-reagit-a-la-pause-du-programme-ivze","status":"publish","type":"news-post","link":"https:\/\/emc-mec.ca\/fr\/article-de-nouvelles\/mec-reagit-a-la-pause-du-programme-ivze\/","title":{"rendered":"MEC r\u00e9agit \u00e0 la pause du programme iVZE"},"content":{"rendered":"<p>Le gouvernement canadien a publi\u00e9 aujourd&#8217;hui une mise \u00e0 jour sur le programme iVZE. Au 10 janvier 2025, il reste 71 817 104 $ de financement (environ 16 000 ZEV). L&#8217;avis indique que \u00ab Lorsque tous les fonds seront \u00e9puis\u00e9s, le programme sera mis en pause et les Canadiens ne pourront plus recevoir d\u2019incitatifs \u00e0 l\u2019achat ou \u00e0 la location de nouveaux v\u00e9hicules admissibles dans le cadre du programme iVZE. \u00a0Avant cela, les demandes des concessionnaires et des vendeurs agr\u00e9es peuvent \u00eatre soumises comme d\u2019habitude jusqu\u2019\u00e0 ce que d\u2019autres mises \u00e0 jour soient communiqu\u00e9es\u00bb.<\/p>\n<p>Mobilit\u00e9 \u00e9lectrique Canada (MEC) n&#8217;appuie pas cette d\u00e9cision, car le pays est en bonne voie d&#8217;atteindre et m\u00eame de d\u00e9passer son objectif de 20 % de ventes de VZE d&#8217;ici 2026.<\/p>\n<p>L&#8217;interruption de ce programme compromettra cet objectif.<\/p>\n<p>\u00ab R\u00e9cemment, MEC a fait une s\u00e9rie de recommandations au gouvernement f\u00e9d\u00e9ral pour que davantage de Canadiens aient acc\u00e8s au programme iVZE pendant une plus longue p\u00e9riode. Aujourd&#8217;hui, au lieu d&#8217;un programme g\u00e9rable et pr\u00e9visible, les Canadiens qui souhaitent passer \u00e0 la mobilit\u00e9 \u00e9lectrique n&#8217;ont que tr\u00e8s peu de temps pour profiter des rabais, ce qui est exactement le contraire d&#8217;un programme pr\u00e9visible et durable pour les consommateurs et l&#8217;industrie \u00bb, dit Daniel Breton, Pr\u00e9sident et directeur g\u00e9n\u00e9ral, Mobilit\u00e9 \u00e9lectrique Canada.<\/p>\n<p>Nous esp\u00e9rons que le gouvernement envisagera de renouveler le programme dans des conditions nouvelles et plus durables pour tous les Canadiens, comme nous l&#8217;avons propos\u00e9.<\/p>\n","protected":false},"excerpt":{"rendered":"<p>Le gouvernement canadien a publi\u00e9 aujourd&#8217;hui une mise \u00e0 jour sur le programme iVZE. Au 10 janvier 2025, il reste 71 817 104 $ de [&hellip;]<\/p>\n","protected":false},"featured_media":0,"menu_order":0,"template":"","meta":{"_acf_changed":false,"_monsterinsights_skip_tracking":false,"_monsterinsights_sitenote_active":false,"_monsterinsights_sitenote_note":"","_monsterinsights_sitenote_category":0},"news-post-category":[58],"class_list":["post-4565","news-post","type-news-post","status-publish","hentry","news-post-category-emc-news-release-fr"],"acf":[],"yoast_head":"<!-- This site is optimized with the Yoast SEO plugin v27.5 - https:\/\/yoast.com\/product\/yoast-seo-wordpress\/ -->\n<title>MEC r\u00e9agit \u00e0 la pause du programme iVZE - Mobilit\u00e9 Electrique Canada<\/title>\n<meta name=\"robots\" content=\"index, follow, max-snippet:-1, max-image-preview:large, max-video-preview:-1\" \/>\n<link rel=\"canonical\" href=\"https:\/\/emc-mec.ca\/fr\/article-de-nouvelles\/mec-reagit-a-la-pause-du-programme-ivze\/\" \/>\n<meta property=\"og:locale\" content=\"fr_FR\" \/>\n<meta property=\"og:type\" content=\"article\" \/>\n<meta property=\"og:title\" content=\"MEC r\u00e9agit \u00e0 la pause du programme iVZE - Mobilit\u00e9 Electrique Canada\" \/>\n<meta property=\"og:description\" content=\"Le gouvernement canadien a publi\u00e9 aujourd&#8217;hui une mise \u00e0 jour sur le programme iVZE. Au 10 janvier 2025, il reste 71 817 104 $ de [&hellip;]\" \/>\n<meta property=\"og:url\" content=\"https:\/\/emc-mec.ca\/fr\/article-de-nouvelles\/mec-reagit-a-la-pause-du-programme-ivze\/\" \/>\n<meta property=\"og:site_name\" content=\"Mobilit\u00e9 Electrique Canada\" \/>\n<meta property=\"article:modified_time\" content=\"2025-01-10T21:07:14+00:00\" \/>\n<meta name=\"twitter:card\" content=\"summary_large_image\" \/>\n<meta name=\"twitter:label1\" content=\"Dur\u00e9e de lecture estim\u00e9e\" \/>\n\t<meta name=\"twitter:data1\" content=\"2 minutes\" \/>\n<script type=\"application\/ld+json\" class=\"yoast-schema-graph\">{\"@context\":\"https:\\\/\\\/schema.org\",\"@graph\":[{\"@type\":\"WebPage\",\"@id\":\"https:\\\/\\\/emc-mec.ca\\\/fr\\\/article-de-nouvelles\\\/mec-reagit-a-la-pause-du-programme-ivze\\\/\",\"url\":\"https:\\\/\\\/emc-mec.ca\\\/fr\\\/article-de-nouvelles\\\/mec-reagit-a-la-pause-du-programme-ivze\\\/\",\"name\":\"MEC r\u00e9agit \u00e0 la pause du programme iVZE - Mobilit\u00e9 Electrique Canada\",\"isPartOf\":{\"@id\":\"https:\\\/\\\/emc-mec.ca\\\/#website\"},\"datePublished\":\"2025-01-10T18:09:09+00:00\",\"dateModified\":\"2025-01-10T21:07:14+00:00\",\"breadcrumb\":{\"@id\":\"https:\\\/\\\/emc-mec.ca\\\/fr\\\/article-de-nouvelles\\\/mec-reagit-a-la-pause-du-programme-ivze\\\/#breadcrumb\"},\"inLanguage\":\"fr-FR\",\"potentialAction\":[{\"@type\":\"ReadAction\",\"target\":[\"https:\\\/\\\/emc-mec.ca\\\/fr\\\/article-de-nouvelles\\\/mec-reagit-a-la-pause-du-programme-ivze\\\/\"]}]},{\"@type\":\"BreadcrumbList\",\"@id\":\"https:\\\/\\\/emc-mec.ca\\\/fr\\\/article-de-nouvelles\\\/mec-reagit-a-la-pause-du-programme-ivze\\\/#breadcrumb\",\"itemListElement\":[{\"@type\":\"ListItem\",\"position\":1,\"name\":\"Home\",\"item\":\"https:\\\/\\\/emc-mec.ca\\\/fr\\\/\"},{\"@type\":\"ListItem\",\"position\":2,\"name\":\"News\",\"item\":\"https:\\\/\\\/emc-mec.ca\\\/fr\\\/article-de-nouvelles\\\/\"},{\"@type\":\"ListItem\",\"position\":3,\"name\":\"MEC r\u00e9agit \u00e0 la pause du programme iVZE\"}]},{\"@type\":\"WebSite\",\"@id\":\"https:\\\/\\\/emc-mec.ca\\\/#website\",\"url\":\"https:\\\/\\\/emc-mec.ca\\\/\",\"name\":\"Mobilit\u00e9 Electrique Canada\",\"description\":\"Acc\u00e9l\u00e9rer l&#039;\u00e9lectrification des transports\",\"potentialAction\":[{\"@type\":\"SearchAction\",\"target\":{\"@type\":\"EntryPoint\",\"urlTemplate\":\"https:\\\/\\\/emc-mec.ca\\\/?s={search_term_string}\"},\"query-input\":{\"@type\":\"PropertyValueSpecification\",\"valueRequired\":true,\"valueName\":\"search_term_string\"}}],\"inLanguage\":\"fr-FR\"}]}<\/script>\n<!-- \/ Yoast SEO plugin. -->","yoast_head_json":{"title":"MEC r\u00e9agit \u00e0 la pause du programme iVZE - Mobilit\u00e9 Electrique Canada","robots":{"index":"index","follow":"follow","max-snippet":"max-snippet:-1","max-image-preview":"max-image-preview:large","max-video-preview":"max-video-preview:-1"},"canonical":"https:\/\/emc-mec.ca\/fr\/article-de-nouvelles\/mec-reagit-a-la-pause-du-programme-ivze\/","og_locale":"fr_FR","og_type":"article","og_title":"MEC r\u00e9agit \u00e0 la pause du programme iVZE - Mobilit\u00e9 Electrique Canada","og_description":"Le gouvernement canadien a publi\u00e9 aujourd&#8217;hui une mise \u00e0 jour sur le programme iVZE. Au 10 janvier 2025, il reste 71 817 104 $ de [&hellip;]","og_url":"https:\/\/emc-mec.ca\/fr\/article-de-nouvelles\/mec-reagit-a-la-pause-du-programme-ivze\/","og_site_name":"Mobilit\u00e9 Electrique Canada","article_modified_time":"2025-01-10T21:07:14+00:00","twitter_card":"summary_large_image","twitter_misc":{"Dur\u00e9e de lecture estim\u00e9e":"2 minutes"},"schema":{"@context":"https:\/\/schema.org","@graph":[{"@type":"WebPage","@id":"https:\/\/emc-mec.ca\/fr\/article-de-nouvelles\/mec-reagit-a-la-pause-du-programme-ivze\/","url":"https:\/\/emc-mec.ca\/fr\/article-de-nouvelles\/mec-reagit-a-la-pause-du-programme-ivze\/","name":"MEC r\u00e9agit \u00e0 la pause du programme iVZE - Mobilit\u00e9 Electrique Canada","isPartOf":{"@id":"https:\/\/emc-mec.ca\/#website"},"datePublished":"2025-01-10T18:09:09+00:00","dateModified":"2025-01-10T21:07:14+00:00","breadcrumb":{"@id":"https:\/\/emc-mec.ca\/fr\/article-de-nouvelles\/mec-reagit-a-la-pause-du-programme-ivze\/#breadcrumb"},"inLanguage":"fr-FR","potentialAction":[{"@type":"ReadAction","target":["https:\/\/emc-mec.ca\/fr\/article-de-nouvelles\/mec-reagit-a-la-pause-du-programme-ivze\/"]}]},{"@type":"BreadcrumbList","@id":"https:\/\/emc-mec.ca\/fr\/article-de-nouvelles\/mec-reagit-a-la-pause-du-programme-ivze\/#breadcrumb","itemListElement":[{"@type":"ListItem","position":1,"name":"Home","item":"https:\/\/emc-mec.ca\/fr\/"},{"@type":"ListItem","position":2,"name":"News","item":"https:\/\/emc-mec.ca\/fr\/article-de-nouvelles\/"},{"@type":"ListItem","position":3,"name":"MEC r\u00e9agit \u00e0 la pause du programme iVZE"}]},{"@type":"WebSite","@id":"https:\/\/emc-mec.ca\/#website","url":"https:\/\/emc-mec.ca\/","name":"Mobilit\u00e9 Electrique Canada","description":"Acc\u00e9l\u00e9rer l&#039;\u00e9lectrification des transports","potentialAction":[{"@type":"SearchAction","target":{"@type":"EntryPoint","urlTemplate":"https:\/\/emc-mec.ca\/?s={search_term_string}"},"query-input":{"@type":"PropertyValueSpecification","valueRequired":true,"valueName":"search_term_string"}}],"inLanguage":"fr-FR"}]}},"_links":{"self":[{"href":"https:\/\/emc-mec.ca\/fr\/wp-json\/wp\/v2\/news-post\/4565","targetHints":{"allow":["GET"]}}],"collection":[{"href":"https:\/\/emc-mec.ca\/fr\/wp-json\/wp\/v2\/news-post"}],"about":[{"href":"https:\/\/emc-mec.ca\/fr\/wp-json\/wp\/v2\/types\/news-post"}],"wp:attachment":[{"href":"https:\/\/emc-mec.ca\/fr\/wp-json\/wp\/v2\/media?parent=4565"}],"wp:term":[{"taxonomy":"news-post-category","embeddable":true,"href":"https:\/\/emc-mec.ca\/fr\/wp-json\/wp\/v2\/news-post-category?post=4565"}],"curies":[{"name":"wp","href":"https:\/\/api.w.org\/{rel}","templated":true}]}}