{"id":4560,"date":"2024-12-17T14:19:51","date_gmt":"2024-12-17T19:19:51","guid":{"rendered":"https:\/\/emc-mec.ca\/?post_type=news-post&#038;p=4560"},"modified":"2024-12-17T14:21:55","modified_gmt":"2024-12-17T19:21:55","slug":"arret-temporaire-des-rabais-pour-vehicules-electriques-au-quebec-reaction-de-mec","status":"publish","type":"news-post","link":"https:\/\/emc-mec.ca\/fr\/article-de-nouvelles\/arret-temporaire-des-rabais-pour-vehicules-electriques-au-quebec-reaction-de-mec\/","title":{"rendered":"Arr\u00eat temporaire des rabais pour v\u00e9hicules \u00e9lectriques au Qu\u00e9bec : R\u00e9action de MEC"},"content":{"rendered":"<div>\n<p data-ogsb=\"white\"><span data-ogsc=\"rgb(8, 8, 9)\" data-olk-copy-source=\"MessageBody\">Entre le 1er f\u00e9vrier 2025 et la relance des rabais (vraisemblablement apr\u00e8s le budget autour du d\u00e9but avril), les ventes de v\u00e9hicules \u00e9lectriques vont consid\u00e9rablement ralentir, puis repartir \u00e0 la hausse.<\/span><\/p>\n<p data-ogsb=\"white\"><span data-ogsc=\"rgb(8, 8, 9)\">Nous avons d\u00e9j\u00e0 vu un tel sc\u00e9nario en mars 2019 lorsque le gouvernement f\u00e9d\u00e9ral avait annonc\u00e9 qu&#8217;il y aurait des rabais en vigueur en mai 2019. Ainsi, pendant 2 mois, les gens ont attendu l&#8217;arriv\u00e9e des rabais f\u00e9d\u00e9raux.<\/span><\/p>\n<div>\n<p data-ogsb=\"white\"><span data-ogsc=\"rgb(8, 8, 9)\">En plus de l&#8217;arr\u00eat temporaire des rabais pour les v\u00e9hicules \u00e9lectriques, le gouvernement du Qu\u00e9bec suspend son soutien financier pour les infrastructures de recharge r\u00e9sidentielles, dans les immeubles r\u00e9sidentiels \u00e0 logements multiples et sur les lieux de travail. Cela, malgr\u00e9 la justification donn\u00e9e dans le budget du Qu\u00e9bec de mars 2024, selon laquelle la r\u00e9duction de l&#8217;allocation des rabais pour v\u00e9hicules \u00e9lectriques devait permettre de r\u00e9investir les fonds dans les infrastructures de recharge publiques et priv\u00e9es.<\/span><\/p>\n<\/div>\n<div>\n<p class=\"x_elementToProof\" data-ogsb=\"white\"><span data-ogsc=\"rgb(8, 8, 9)\">\u00ab Chez Mobilit\u00e9 \u00c9lectrique Canada (MEC), nous consid\u00e9rons cette suspension des rabais pour les v\u00e9hicules \u00e9lectriques, et surtout pour les infrastructures, comme inacceptable, car elle ne fait qu&#8217;ajouter \u00e0 l&#8217;incertitude du march\u00e9 \u00e0 laquelle l&#8217;industrie est actuellement confront\u00e9e. Ce dont nous avons besoin de la part du gouvernement du Qu\u00e9bec, c&#8217;est l&#8217;assurance que les rabais pour v\u00e9hicules \u00e9lectriques reviendront et seront r\u00e9troactifs, que le programme de rabais pour les infrastructures de recharge se poursuivra pendant cette p\u00e9riode et que le programme \u00c9cocamionnage sera r\u00e9tabli \u00bb, d\u00e9clare Daniel Breton, pr\u00e9sident et chef de la direction de Mobilit\u00e9 \u00c9lectrique Canada.<\/span><\/p>\n<\/div>\n<p data-ogsb=\"white\"><span data-ogsc=\"rgb(8, 8, 9)\">Il est cependant important de souligner ce qui suit. En avril 2024, La Presse soulignait que le Fonds d&#8217;\u00e9lectrification et de changements climatiques \u00e9tait assis sur un surplus accumul\u00e9 de 1,7 milliard de dollars. Pourtant, le gouvernement ne souhaitait pas y toucher, voulant m\u00eame le faire cro\u00eetre.<\/span><\/p>\n<p data-ogsb=\"white\"><span data-ogsc=\"rgb(8, 8, 9)\">Le fiscaliste Luc Godbout expliquait alors la m\u00e9canique suivante : si l\u2019\u00c9tat qu\u00e9b\u00e9cois d\u00e9pense plus que les revenus du FECC \u2013 qui proviennent du march\u00e9 du carbone \u2013 dans la lutte contre les changements climatiques pour l\u2019ann\u00e9e 2024-2025, il \u00ab viendra alourdir le d\u00e9ficit \u00bb.<\/span><\/p>\n<\/div>\n<div>\n<p data-ogsb=\"white\"><span data-ogsc=\"rgb(8, 8, 9)\">L\u2019exc\u00e9dent accumul\u00e9 \u00ab s\u2019est b\u00e2ti sur plusieurs ann\u00e9es et affecte la dette \u00e0 la baisse \u00bb, souligne-t-il. En attendant, le FECC \u00ab pr\u00eate \u00bb son surplus au Fonds g\u00e9n\u00e9ral du gouvernement, qui le d\u00e9pense ailleurs.<\/span><\/p>\n<\/div>\n<div>\n<p class=\"x_elementToProof\" data-ogsb=\"white\"><span data-ogsc=\"rgb(8, 8, 9)\">Le cabinet du ministre Charette affirme de son c\u00f4t\u00e9 que le maintien de ce surplus n\u2019a rien \u00e0 voir avec la situation budg\u00e9taire du Qu\u00e9bec. Il est soulign\u00e9 toutefois \u00ab qu\u2019il n\u2019est pas possible de d\u00e9penser les surplus amass\u00e9s dans le FECC sans l\u2019accord du ministre des Finances \u00bb.<\/span><\/p>\n<\/div>\n<div>\n<p data-ogsb=\"white\"><span data-ogsc=\"rgb(8, 8, 9)\">Or, selon le\u00a0<b><u><a id=\"OWA4e6067b5-451f-987a-dc15-fa2caac57898\" class=\"x_OWAAutoLink\" title=\"https:\/\/www.facebook.com\/GouvQc?__cft__%5b0%5d=AZURgRzOsOG1jfiu-TaHyUo5FGEfwmuywIGA38ukYyYsMXGotfdXaLb3yqLk_9Q3HPBOwScfmYxAndFSAmP2m7qSm8QEPx_tktYCGwa1CMP8pc9lYaWdIQrHtXEeAy1ZYrXbVoF3GlI7HfG-0CdXStO5aFBkxKWb7xm5pdlLaBG5tQ&amp;__tn__=-%5dK-R\" href=\"https:\/\/www.facebook.com\/GouvQc?__cft__%5b0%5d=AZURgRzOsOG1jfiu-TaHyUo5FGEfwmuywIGA38ukYyYsMXGotfdXaLb3yqLk_9Q3HPBOwScfmYxAndFSAmP2m7qSm8QEPx_tktYCGwa1CMP8pc9lYaWdIQrHtXEeAy1ZYrXbVoF3GlI7HfG-0CdXStO5aFBkxKWb7xm5pdlLaBG5tQ&amp;__tn__=-%5dK-R\" data-auth=\"NotApplicable\" data-linkindex=\"8\" data-ogsc=\"rgb(8, 8, 9)\">Gouvernement du Qu\u00e9bec<\/a><\/u><\/b>, \u00ab le Fonds d\u2019\u00e9lectrification et de changements climatiques (FECC) a \u00e9t\u00e9 cr\u00e9\u00e9 par l\u2019adoption par l\u2019Assembl\u00e9e nationale du projet de loi visant principalement la gouvernance efficace de la lutte contre les changements climatiques et \u00e0 favoriser l\u2019\u00e9lectrification \u00bb.<\/span><\/p>\n<\/div>\n<div>\n<p data-ogsb=\"white\"><span data-ogsc=\"rgb(8, 8, 9)\">Le FECC est un fonds sp\u00e9cial enti\u00e8rement consacr\u00e9 \u00e0 la lutte contre les changements climatiques.<\/span><\/p>\n<\/div>\n<div>\n<p data-ogsb=\"white\"><span data-ogsc=\"rgb(8, 8, 9)\">Autrement dit, le ministre des finances du Qu\u00e9bec a d\u00e9cid\u00e9 de se servir des surplus du FECC non pas pour diminuer les GES et d&#8217;\u00e9lectrifier notre \u00e9conomie, mais pour mieux faire paraitre ses finances publiques.<\/span><\/p>\n<\/div>\n<div>\n<p data-ogsb=\"white\"><span data-ogsc=\"rgb(8, 8, 9)\">Cette tactique comptable semble discutable d&#8217;autant plus que le Qu\u00e9bec va \u00e0 peu pr\u00e8s certainement rater sa cible de r\u00e9duction d&#8217;\u00e9missions de GES.<\/span><\/p>\n<\/div>\n<p data-ogsb=\"white\"><span data-ogsc=\"rgb(8, 8, 9)\">En effet, alors que la cible de diminution de GES du Qu\u00e9bec est de -37,5% par rapport \u00e0 1990 et qu&#8217;en 2021 nous n&#8217;en \u00e9tions qu&#8217;\u00e0 -9%.<\/span><span data-ogsc=\"black\"><b>\u00a0<\/b><\/span><\/p>\n<p data-ogsb=\"white\"><span data-ogsc=\"rgb(149, 79, 114)\"><u><a id=\"OWA23087aec-f010-8e23-c883-2390732d790f\" class=\"x_OWAAutoLink\" title=\"https:\/\/www.newswire.ca\/fr\/news-releases\/programme-roulez-vert-entree-en-vigueur-des-modifications-pour-2025-887041240.html?fbclid=IwY2xjawHOQeZleHRuA2FlbQIxMAABHRiV-caBZjiAKqW9Mg8dpVcuBJfYt_vtA9xq1sgMndbebTCJD-psYW08Lg_aem_zVZS6E1ZTPBdFzYi-3S0TA\" href=\"https:\/\/www.newswire.ca\/fr\/news-releases\/programme-roulez-vert-entree-en-vigueur-des-modifications-pour-2025-887041240.html?fbclid=IwY2xjawHOQeZleHRuA2FlbQIxMAABHRiV-caBZjiAKqW9Mg8dpVcuBJfYt_vtA9xq1sgMndbebTCJD-psYW08Lg_aem_zVZS6E1ZTPBdFzYi-3S0TA\" data-auth=\"NotApplicable\" data-linkindex=\"9\" data-ogsc=\"rgb(149, 79, 114)\">https:\/\/www.newswire.ca\/fr\/news-releases\/programme-roulez-vert-entree-en-vigueur-des-modifications-pour-2025-887041240.html?fbclid=IwY2xjawHOQeZleHRuA2FlbQIxMAABHRiV-caBZjiAKqW9Mg8dpVcuBJfYt_vtA9xq1sgMndbebTCJD-psYW08Lg_aem_zVZS6E1ZTPBdFzYi-3S0TA<\/a><\/u><\/span><span data-ogsc=\"black\"><\/p>\n<p><\/span><span data-ogsc=\"rgb(149, 79, 114)\"><u><a id=\"OWAe5b3104f-e692-7854-8dea-5f5204727ba2\" class=\"x_OWAAutoLink\" title=\"https:\/\/www.lapresse.ca\/actualites\/politique\/2024-04-10\/fonds-d-electrification-et-de-changements-climatiques\/un-surplus-de-1-7-milliard-critique-de-toute-part.php\" href=\"https:\/\/www.lapresse.ca\/actualites\/politique\/2024-04-10\/fonds-d-electrification-et-de-changements-climatiques\/un-surplus-de-1-7-milliard-critique-de-toute-part.php\" data-auth=\"NotApplicable\" data-linkindex=\"10\" data-ogsc=\"rgb(149, 79, 114)\">https:\/\/www.lapresse.ca\/actualites\/politique\/2024-04-10\/fonds-d-electrification-et-de-changements-climatiques\/un-surplus-de-1-7-milliard-critique-de-toute-part.php<\/a><\/u><\/span><\/p>\n<p data-ogsb=\"white\"><span data-ogsc=\"rgb(149, 79, 114)\"><u><a id=\"OWAae5e5893-4f5d-efe3-4143-517943bf030e\" class=\"x_OWAAutoLink\" title=\"https:\/\/www.environnement.gouv.qc.ca\/ministere\/fonds-electrification-changements-climatiques\/index.htm#fondsVert\" href=\"https:\/\/www.environnement.gouv.qc.ca\/ministere\/fonds-electrification-changements-climatiques\/index.htm#fondsVert\" data-auth=\"NotApplicable\" data-linkindex=\"11\" data-ogsc=\"rgb(149, 79, 114)\">https:\/\/www.environnement.gouv.qc.ca\/ministere\/fonds-electrification-changements-climatiques\/index.htm#fondsVert<\/a><\/u><\/span><\/p>\n<p data-ogsb=\"white\"><span data-ogsc=\"rgb(149, 79, 114)\"><u><a id=\"OWA7f5b5794-0821-f2c0-4a9b-1e0422a1bd5e\" class=\"x_OWAAutoLink\" title=\"https:\/\/www.environnement.gouv.qc.ca\/changements\/ges\/2021\/inventaire-ges-1990-2021.pdf\" href=\"https:\/\/www.environnement.gouv.qc.ca\/changements\/ges\/2021\/inventaire-ges-1990-2021.pdf\" data-auth=\"NotApplicable\" data-linkindex=\"12\" data-ogsc=\"rgb(149, 79, 114)\">https:\/\/www.environnement.gouv.qc.ca\/changements\/ges\/2021\/inventaire-ges-1990-2021.pdf<\/a><\/u><\/span><\/p>\n<p><span data-ogsc=\"black\">\u00a0<\/span><\/p>\n","protected":false},"excerpt":{"rendered":"<p>Entre le 1er f\u00e9vrier 2025 et la relance des rabais (vraisemblablement apr\u00e8s le budget autour du d\u00e9but avril), les ventes de v\u00e9hicules \u00e9lectriques vont consid\u00e9rablement ralentir, puis repartir \u00e0 la hausse.<\/p>\n","protected":false},"featured_media":0,"menu_order":0,"template":"","meta":{"_acf_changed":false,"_monsterinsights_skip_tracking":false,"_monsterinsights_sitenote_active":false,"_monsterinsights_sitenote_note":"","_monsterinsights_sitenote_category":0},"news-post-category":[58],"class_list":["post-4560","news-post","type-news-post","status-publish","hentry","news-post-category-emc-news-release-fr"],"acf":[],"yoast_head":"<!-- This site is optimized with the Yoast SEO plugin v27.5 - https:\/\/yoast.com\/product\/yoast-seo-wordpress\/ -->\n<title>Arr\u00eat temporaire des rabais pour v\u00e9hicules \u00e9lectriques au Qu\u00e9bec : R\u00e9action de MEC - Mobilit\u00e9 Electrique Canada<\/title>\n<meta name=\"robots\" content=\"index, follow, max-snippet:-1, max-image-preview:large, max-video-preview:-1\" \/>\n<link rel=\"canonical\" href=\"https:\/\/emc-mec.ca\/fr\/article-de-nouvelles\/arret-temporaire-des-rabais-pour-vehicules-electriques-au-quebec-reaction-de-mec\/\" \/>\n<meta property=\"og:locale\" content=\"fr_FR\" \/>\n<meta property=\"og:type\" content=\"article\" \/>\n<meta property=\"og:title\" content=\"Arr\u00eat temporaire des rabais pour v\u00e9hicules \u00e9lectriques au Qu\u00e9bec : R\u00e9action de MEC - Mobilit\u00e9 Electrique Canada\" \/>\n<meta property=\"og:description\" content=\"Entre le 1er f\u00e9vrier 2025 et la relance des rabais (vraisemblablement apr\u00e8s le budget autour du d\u00e9but avril), les ventes de v\u00e9hicules \u00e9lectriques vont consid\u00e9rablement ralentir, puis repartir \u00e0 la hausse.\" \/>\n<meta property=\"og:url\" content=\"https:\/\/emc-mec.ca\/fr\/article-de-nouvelles\/arret-temporaire-des-rabais-pour-vehicules-electriques-au-quebec-reaction-de-mec\/\" \/>\n<meta property=\"og:site_name\" content=\"Mobilit\u00e9 Electrique Canada\" \/>\n<meta property=\"article:modified_time\" content=\"2024-12-17T19:21:55+00:00\" \/>\n<meta name=\"twitter:card\" content=\"summary_large_image\" \/>\n<meta name=\"twitter:label1\" content=\"Dur\u00e9e de lecture estim\u00e9e\" \/>\n\t<meta name=\"twitter:data1\" content=\"3 minutes\" \/>\n<script type=\"application\/ld+json\" class=\"yoast-schema-graph\">{\"@context\":\"https:\\\/\\\/schema.org\",\"@graph\":[{\"@type\":\"WebPage\",\"@id\":\"https:\\\/\\\/emc-mec.ca\\\/fr\\\/article-de-nouvelles\\\/arret-temporaire-des-rabais-pour-vehicules-electriques-au-quebec-reaction-de-mec\\\/\",\"url\":\"https:\\\/\\\/emc-mec.ca\\\/fr\\\/article-de-nouvelles\\\/arret-temporaire-des-rabais-pour-vehicules-electriques-au-quebec-reaction-de-mec\\\/\",\"name\":\"Arr\u00eat temporaire des rabais pour v\u00e9hicules \u00e9lectriques au Qu\u00e9bec : R\u00e9action de MEC - Mobilit\u00e9 Electrique Canada\",\"isPartOf\":{\"@id\":\"https:\\\/\\\/emc-mec.ca\\\/#website\"},\"datePublished\":\"2024-12-17T19:19:51+00:00\",\"dateModified\":\"2024-12-17T19:21:55+00:00\",\"breadcrumb\":{\"@id\":\"https:\\\/\\\/emc-mec.ca\\\/fr\\\/article-de-nouvelles\\\/arret-temporaire-des-rabais-pour-vehicules-electriques-au-quebec-reaction-de-mec\\\/#breadcrumb\"},\"inLanguage\":\"fr-FR\",\"potentialAction\":[{\"@type\":\"ReadAction\",\"target\":[\"https:\\\/\\\/emc-mec.ca\\\/fr\\\/article-de-nouvelles\\\/arret-temporaire-des-rabais-pour-vehicules-electriques-au-quebec-reaction-de-mec\\\/\"]}]},{\"@type\":\"BreadcrumbList\",\"@id\":\"https:\\\/\\\/emc-mec.ca\\\/fr\\\/article-de-nouvelles\\\/arret-temporaire-des-rabais-pour-vehicules-electriques-au-quebec-reaction-de-mec\\\/#breadcrumb\",\"itemListElement\":[{\"@type\":\"ListItem\",\"position\":1,\"name\":\"Home\",\"item\":\"https:\\\/\\\/emc-mec.ca\\\/fr\\\/\"},{\"@type\":\"ListItem\",\"position\":2,\"name\":\"News\",\"item\":\"https:\\\/\\\/emc-mec.ca\\\/fr\\\/article-de-nouvelles\\\/\"},{\"@type\":\"ListItem\",\"position\":3,\"name\":\"Arr\u00eat temporaire des rabais pour v\u00e9hicules \u00e9lectriques au Qu\u00e9bec : R\u00e9action de MEC\"}]},{\"@type\":\"WebSite\",\"@id\":\"https:\\\/\\\/emc-mec.ca\\\/#website\",\"url\":\"https:\\\/\\\/emc-mec.ca\\\/\",\"name\":\"Mobilit\u00e9 Electrique Canada\",\"description\":\"Acc\u00e9l\u00e9rer l&#039;\u00e9lectrification des transports\",\"potentialAction\":[{\"@type\":\"SearchAction\",\"target\":{\"@type\":\"EntryPoint\",\"urlTemplate\":\"https:\\\/\\\/emc-mec.ca\\\/?s={search_term_string}\"},\"query-input\":{\"@type\":\"PropertyValueSpecification\",\"valueRequired\":true,\"valueName\":\"search_term_string\"}}],\"inLanguage\":\"fr-FR\"}]}<\/script>\n<!-- \/ Yoast SEO plugin. -->","yoast_head_json":{"title":"Arr\u00eat temporaire des rabais pour v\u00e9hicules \u00e9lectriques au Qu\u00e9bec : R\u00e9action de MEC - Mobilit\u00e9 Electrique Canada","robots":{"index":"index","follow":"follow","max-snippet":"max-snippet:-1","max-image-preview":"max-image-preview:large","max-video-preview":"max-video-preview:-1"},"canonical":"https:\/\/emc-mec.ca\/fr\/article-de-nouvelles\/arret-temporaire-des-rabais-pour-vehicules-electriques-au-quebec-reaction-de-mec\/","og_locale":"fr_FR","og_type":"article","og_title":"Arr\u00eat temporaire des rabais pour v\u00e9hicules \u00e9lectriques au Qu\u00e9bec : R\u00e9action de MEC - Mobilit\u00e9 Electrique Canada","og_description":"Entre le 1er f\u00e9vrier 2025 et la relance des rabais (vraisemblablement apr\u00e8s le budget autour du d\u00e9but avril), les ventes de v\u00e9hicules \u00e9lectriques vont consid\u00e9rablement ralentir, puis repartir \u00e0 la hausse.","og_url":"https:\/\/emc-mec.ca\/fr\/article-de-nouvelles\/arret-temporaire-des-rabais-pour-vehicules-electriques-au-quebec-reaction-de-mec\/","og_site_name":"Mobilit\u00e9 Electrique Canada","article_modified_time":"2024-12-17T19:21:55+00:00","twitter_card":"summary_large_image","twitter_misc":{"Dur\u00e9e de lecture estim\u00e9e":"3 minutes"},"schema":{"@context":"https:\/\/schema.org","@graph":[{"@type":"WebPage","@id":"https:\/\/emc-mec.ca\/fr\/article-de-nouvelles\/arret-temporaire-des-rabais-pour-vehicules-electriques-au-quebec-reaction-de-mec\/","url":"https:\/\/emc-mec.ca\/fr\/article-de-nouvelles\/arret-temporaire-des-rabais-pour-vehicules-electriques-au-quebec-reaction-de-mec\/","name":"Arr\u00eat temporaire des rabais pour v\u00e9hicules \u00e9lectriques au Qu\u00e9bec : R\u00e9action de MEC - Mobilit\u00e9 Electrique Canada","isPartOf":{"@id":"https:\/\/emc-mec.ca\/#website"},"datePublished":"2024-12-17T19:19:51+00:00","dateModified":"2024-12-17T19:21:55+00:00","breadcrumb":{"@id":"https:\/\/emc-mec.ca\/fr\/article-de-nouvelles\/arret-temporaire-des-rabais-pour-vehicules-electriques-au-quebec-reaction-de-mec\/#breadcrumb"},"inLanguage":"fr-FR","potentialAction":[{"@type":"ReadAction","target":["https:\/\/emc-mec.ca\/fr\/article-de-nouvelles\/arret-temporaire-des-rabais-pour-vehicules-electriques-au-quebec-reaction-de-mec\/"]}]},{"@type":"BreadcrumbList","@id":"https:\/\/emc-mec.ca\/fr\/article-de-nouvelles\/arret-temporaire-des-rabais-pour-vehicules-electriques-au-quebec-reaction-de-mec\/#breadcrumb","itemListElement":[{"@type":"ListItem","position":1,"name":"Home","item":"https:\/\/emc-mec.ca\/fr\/"},{"@type":"ListItem","position":2,"name":"News","item":"https:\/\/emc-mec.ca\/fr\/article-de-nouvelles\/"},{"@type":"ListItem","position":3,"name":"Arr\u00eat temporaire des rabais pour v\u00e9hicules \u00e9lectriques au Qu\u00e9bec : R\u00e9action de MEC"}]},{"@type":"WebSite","@id":"https:\/\/emc-mec.ca\/#website","url":"https:\/\/emc-mec.ca\/","name":"Mobilit\u00e9 Electrique Canada","description":"Acc\u00e9l\u00e9rer l&#039;\u00e9lectrification des transports","potentialAction":[{"@type":"SearchAction","target":{"@type":"EntryPoint","urlTemplate":"https:\/\/emc-mec.ca\/?s={search_term_string}"},"query-input":{"@type":"PropertyValueSpecification","valueRequired":true,"valueName":"search_term_string"}}],"inLanguage":"fr-FR"}]}},"_links":{"self":[{"href":"https:\/\/emc-mec.ca\/fr\/wp-json\/wp\/v2\/news-post\/4560","targetHints":{"allow":["GET"]}}],"collection":[{"href":"https:\/\/emc-mec.ca\/fr\/wp-json\/wp\/v2\/news-post"}],"about":[{"href":"https:\/\/emc-mec.ca\/fr\/wp-json\/wp\/v2\/types\/news-post"}],"wp:attachment":[{"href":"https:\/\/emc-mec.ca\/fr\/wp-json\/wp\/v2\/media?parent=4560"}],"wp:term":[{"taxonomy":"news-post-category","embeddable":true,"href":"https:\/\/emc-mec.ca\/fr\/wp-json\/wp\/v2\/news-post-category?post=4560"}],"curies":[{"name":"wp","href":"https:\/\/api.w.org\/{rel}","templated":true}]}}