{"id":3113,"date":"2024-09-11T09:30:05","date_gmt":"2024-09-11T13:30:05","guid":{"rendered":"https:\/\/emc-mec.ca\/?post_type=news-post&#038;p=3113"},"modified":"2024-09-11T06:44:31","modified_gmt":"2024-09-11T10:44:31","slug":"nissan-canada-annonce-son-adhesion-a-mobilite-electrique-canada-a-evve-2024","status":"publish","type":"news-post","link":"https:\/\/emc-mec.ca\/fr\/article-de-nouvelles\/nissan-canada-annonce-son-adhesion-a-mobilite-electrique-canada-a-evve-2024\/","title":{"rendered":"Nissan Canada annonce son adh\u00e9sion \u00e0 Mobilit\u00e9 \u00e9lectrique Canada \u00e0 EVVE 2024"},"content":{"rendered":"<p>MEC est fi\u00e8re d&#8217;accueillir Nissan Canada parmi ses membres. Pionnier de l&#8217;industrie mondiale des VE, Nissan a toujours \u00e9t\u00e9 \u00e0 la pointe de l&#8217;innovation et de l&#8217;engagement en mati\u00e8re de fabrication, d&#8217;\u00e9ducation et de promotion des VE.<\/p>\n<p>\u00abJe suis fier qu&#8217;un tel leader de l&#8217;industrie reconnaisse la valeur de l&#8217;adh\u00e9sion \u00e0 notre organisation. Nous travaillons en \u00e9troite collaboration avec leur \u00e9quipe depuis des ann\u00e9es et nous pensons que cet accord fera de MEC et de Nissan de meilleures organisations. Je suis impatient de collaborer avec leur \u00e9quipe formidable et d\u00e9vou\u00e9e \u00bb.<br \/>\n&#8211; Daniel Breton, pr\u00e9sident-directeur g\u00e9n\u00e9ral de MEC<\/p>\n<p>\u00ab En tant que pionnier des v\u00e9hicules \u00e9lectriques, Nissan a toujours consid\u00e9r\u00e9 l&#8217;\u00e9ducation comme un \u00e9l\u00e9ment cl\u00e9 de son succ\u00e8s dans l&#8217;adoption des VE. Notre engagement envers le transport durable s&#8217;harmonise avec la mission de Mobilit\u00e9 \u00e9lectrique Canada, qui est d&#8217;acc\u00e9l\u00e9rer l&#8217;adoption des v\u00e9hicules \u00e9lectriques, et nous sommes impatients de collaborer avec eux et avec d&#8217;autres chefs de file de l&#8217;industrie pour stimuler l&#8217;innovation et cr\u00e9er un avenir plus propre et plus durable pour les Canadiens. \u00bb<br \/>\n&#8211; Abhishek Bhatia, Transformation et strat\u00e9gie VE, Nissan Canada Inc.<\/p>\n","protected":false},"excerpt":{"rendered":"<p>MEC est fi\u00e8re d&#8217;accueillir Nissan Canada parmi ses membres. Pionnier de l&#8217;industrie mondiale des VE, Nissan a toujours \u00e9t\u00e9 \u00e0 la pointe de l&#8217;innovation et [&hellip;]<\/p>\n","protected":false},"featured_media":3112,"menu_order":0,"template":"","meta":{"_acf_changed":false,"_monsterinsights_skip_tracking":false,"_monsterinsights_sitenote_active":false,"_monsterinsights_sitenote_note":"","_monsterinsights_sitenote_category":0},"news-post-category":[58,51],"class_list":["post-3113","news-post","type-news-post","status-publish","has-post-thumbnail","hentry","news-post-category-emc-news-release-fr","news-post-category-faits-saillants"],"acf":[],"yoast_head":"<!-- This site is optimized with the Yoast SEO plugin v27.4 - https:\/\/yoast.com\/product\/yoast-seo-wordpress\/ -->\n<title>Nissan Canada annonce son adh\u00e9sion \u00e0 Mobilit\u00e9 \u00e9lectrique Canada \u00e0 EVVE 2024 - Mobilit\u00e9 Electrique Canada<\/title>\n<meta name=\"robots\" content=\"index, follow, max-snippet:-1, max-image-preview:large, max-video-preview:-1\" \/>\n<link rel=\"canonical\" href=\"https:\/\/emc-mec.ca\/article-de-nouvelles\/nissan-canada-announces-membership-to-electric-mobility-canada-at-evve-2024\/\" \/>\n<meta property=\"og:locale\" content=\"fr_FR\" \/>\n<meta property=\"og:type\" content=\"article\" \/>\n<meta property=\"og:title\" content=\"Nissan Canada annonce son adh\u00e9sion \u00e0 Mobilit\u00e9 \u00e9lectrique Canada \u00e0 EVVE 2024 - Mobilit\u00e9 Electrique Canada\" \/>\n<meta property=\"og:description\" content=\"MEC est fi\u00e8re d&#8217;accueillir Nissan Canada parmi ses membres. Pionnier de l&#8217;industrie mondiale des VE, Nissan a toujours \u00e9t\u00e9 \u00e0 la pointe de l&#8217;innovation et [&hellip;]\" \/>\n<meta property=\"og:url\" content=\"https:\/\/emc-mec.ca\/article-de-nouvelles\/nissan-canada-announces-membership-to-electric-mobility-canada-at-evve-2024\/\" \/>\n<meta property=\"og:site_name\" content=\"Mobilit\u00e9 Electrique Canada\" \/>\n<meta property=\"og:image\" content=\"https:\/\/emc-mec.ca\/wp-content\/uploads\/2024\/09\/IMG_1692-scaled.jpg\" \/>\n\t<meta property=\"og:image:width\" content=\"2560\" \/>\n\t<meta property=\"og:image:height\" content=\"1740\" \/>\n\t<meta property=\"og:image:type\" content=\"image\/jpeg\" \/>\n<meta name=\"twitter:card\" content=\"summary_large_image\" \/>\n<meta name=\"twitter:label1\" content=\"Dur\u00e9e de lecture estim\u00e9e\" \/>\n\t<meta name=\"twitter:data1\" content=\"1 minute\" \/>\n<script type=\"application\/ld+json\" class=\"yoast-schema-graph\">{\"@context\":\"https:\\\/\\\/schema.org\",\"@graph\":[{\"@type\":\"WebPage\",\"@id\":\"https:\\\/\\\/emc-mec.ca\\\/article-de-nouvelles\\\/nissan-canada-announces-membership-to-electric-mobility-canada-at-evve-2024\\\/\",\"url\":\"https:\\\/\\\/emc-mec.ca\\\/article-de-nouvelles\\\/nissan-canada-announces-membership-to-electric-mobility-canada-at-evve-2024\\\/\",\"name\":\"Nissan Canada annonce son adh\u00e9sion \u00e0 Mobilit\u00e9 \u00e9lectrique Canada \u00e0 EVVE 2024 - Mobilit\u00e9 Electrique Canada\",\"isPartOf\":{\"@id\":\"https:\\\/\\\/emc-mec.ca\\\/#website\"},\"primaryImageOfPage\":{\"@id\":\"https:\\\/\\\/emc-mec.ca\\\/article-de-nouvelles\\\/nissan-canada-announces-membership-to-electric-mobility-canada-at-evve-2024\\\/#primaryimage\"},\"image\":{\"@id\":\"https:\\\/\\\/emc-mec.ca\\\/article-de-nouvelles\\\/nissan-canada-announces-membership-to-electric-mobility-canada-at-evve-2024\\\/#primaryimage\"},\"thumbnailUrl\":\"https:\\\/\\\/emc-mec.ca\\\/wp-content\\\/uploads\\\/2024\\\/09\\\/IMG_1692-scaled.jpg\",\"datePublished\":\"2024-09-11T13:30:05+00:00\",\"breadcrumb\":{\"@id\":\"https:\\\/\\\/emc-mec.ca\\\/article-de-nouvelles\\\/nissan-canada-announces-membership-to-electric-mobility-canada-at-evve-2024\\\/#breadcrumb\"},\"inLanguage\":\"fr-FR\",\"potentialAction\":[{\"@type\":\"ReadAction\",\"target\":[\"https:\\\/\\\/emc-mec.ca\\\/article-de-nouvelles\\\/nissan-canada-announces-membership-to-electric-mobility-canada-at-evve-2024\\\/\"]}]},{\"@type\":\"ImageObject\",\"inLanguage\":\"fr-FR\",\"@id\":\"https:\\\/\\\/emc-mec.ca\\\/article-de-nouvelles\\\/nissan-canada-announces-membership-to-electric-mobility-canada-at-evve-2024\\\/#primaryimage\",\"url\":\"https:\\\/\\\/emc-mec.ca\\\/wp-content\\\/uploads\\\/2024\\\/09\\\/IMG_1692-scaled.jpg\",\"contentUrl\":\"https:\\\/\\\/emc-mec.ca\\\/wp-content\\\/uploads\\\/2024\\\/09\\\/IMG_1692-scaled.jpg\",\"width\":2560,\"height\":1740},{\"@type\":\"BreadcrumbList\",\"@id\":\"https:\\\/\\\/emc-mec.ca\\\/article-de-nouvelles\\\/nissan-canada-announces-membership-to-electric-mobility-canada-at-evve-2024\\\/#breadcrumb\",\"itemListElement\":[{\"@type\":\"ListItem\",\"position\":1,\"name\":\"Home\",\"item\":\"https:\\\/\\\/emc-mec.ca\\\/fr\\\/\"},{\"@type\":\"ListItem\",\"position\":2,\"name\":\"News\",\"item\":\"https:\\\/\\\/emc-mec.ca\\\/fr\\\/article-de-nouvelles\\\/\"},{\"@type\":\"ListItem\",\"position\":3,\"name\":\"Nissan Canada annonce son adh\u00e9sion \u00e0 Mobilit\u00e9 \u00e9lectrique Canada \u00e0 EVVE 2024\"}]},{\"@type\":\"WebSite\",\"@id\":\"https:\\\/\\\/emc-mec.ca\\\/#website\",\"url\":\"https:\\\/\\\/emc-mec.ca\\\/\",\"name\":\"Mobilit\u00e9 Electrique Canada\",\"description\":\"Acc\u00e9l\u00e9rer l&#039;\u00e9lectrification des transports\",\"potentialAction\":[{\"@type\":\"SearchAction\",\"target\":{\"@type\":\"EntryPoint\",\"urlTemplate\":\"https:\\\/\\\/emc-mec.ca\\\/?s={search_term_string}\"},\"query-input\":{\"@type\":\"PropertyValueSpecification\",\"valueRequired\":true,\"valueName\":\"search_term_string\"}}],\"inLanguage\":\"fr-FR\"}]}<\/script>\n<!-- \/ Yoast SEO plugin. -->","yoast_head_json":{"title":"Nissan Canada annonce son adh\u00e9sion \u00e0 Mobilit\u00e9 \u00e9lectrique Canada \u00e0 EVVE 2024 - Mobilit\u00e9 Electrique Canada","robots":{"index":"index","follow":"follow","max-snippet":"max-snippet:-1","max-image-preview":"max-image-preview:large","max-video-preview":"max-video-preview:-1"},"canonical":"https:\/\/emc-mec.ca\/article-de-nouvelles\/nissan-canada-announces-membership-to-electric-mobility-canada-at-evve-2024\/","og_locale":"fr_FR","og_type":"article","og_title":"Nissan Canada annonce son adh\u00e9sion \u00e0 Mobilit\u00e9 \u00e9lectrique Canada \u00e0 EVVE 2024 - Mobilit\u00e9 Electrique Canada","og_description":"MEC est fi\u00e8re d&#8217;accueillir Nissan Canada parmi ses membres. Pionnier de l&#8217;industrie mondiale des VE, Nissan a toujours \u00e9t\u00e9 \u00e0 la pointe de l&#8217;innovation et [&hellip;]","og_url":"https:\/\/emc-mec.ca\/article-de-nouvelles\/nissan-canada-announces-membership-to-electric-mobility-canada-at-evve-2024\/","og_site_name":"Mobilit\u00e9 Electrique Canada","og_image":[{"width":2560,"height":1740,"url":"https:\/\/emc-mec.ca\/wp-content\/uploads\/2024\/09\/IMG_1692-scaled.jpg","type":"image\/jpeg"}],"twitter_card":"summary_large_image","twitter_misc":{"Dur\u00e9e de lecture estim\u00e9e":"1 minute"},"schema":{"@context":"https:\/\/schema.org","@graph":[{"@type":"WebPage","@id":"https:\/\/emc-mec.ca\/article-de-nouvelles\/nissan-canada-announces-membership-to-electric-mobility-canada-at-evve-2024\/","url":"https:\/\/emc-mec.ca\/article-de-nouvelles\/nissan-canada-announces-membership-to-electric-mobility-canada-at-evve-2024\/","name":"Nissan Canada annonce son adh\u00e9sion \u00e0 Mobilit\u00e9 \u00e9lectrique Canada \u00e0 EVVE 2024 - Mobilit\u00e9 Electrique Canada","isPartOf":{"@id":"https:\/\/emc-mec.ca\/#website"},"primaryImageOfPage":{"@id":"https:\/\/emc-mec.ca\/article-de-nouvelles\/nissan-canada-announces-membership-to-electric-mobility-canada-at-evve-2024\/#primaryimage"},"image":{"@id":"https:\/\/emc-mec.ca\/article-de-nouvelles\/nissan-canada-announces-membership-to-electric-mobility-canada-at-evve-2024\/#primaryimage"},"thumbnailUrl":"https:\/\/emc-mec.ca\/wp-content\/uploads\/2024\/09\/IMG_1692-scaled.jpg","datePublished":"2024-09-11T13:30:05+00:00","breadcrumb":{"@id":"https:\/\/emc-mec.ca\/article-de-nouvelles\/nissan-canada-announces-membership-to-electric-mobility-canada-at-evve-2024\/#breadcrumb"},"inLanguage":"fr-FR","potentialAction":[{"@type":"ReadAction","target":["https:\/\/emc-mec.ca\/article-de-nouvelles\/nissan-canada-announces-membership-to-electric-mobility-canada-at-evve-2024\/"]}]},{"@type":"ImageObject","inLanguage":"fr-FR","@id":"https:\/\/emc-mec.ca\/article-de-nouvelles\/nissan-canada-announces-membership-to-electric-mobility-canada-at-evve-2024\/#primaryimage","url":"https:\/\/emc-mec.ca\/wp-content\/uploads\/2024\/09\/IMG_1692-scaled.jpg","contentUrl":"https:\/\/emc-mec.ca\/wp-content\/uploads\/2024\/09\/IMG_1692-scaled.jpg","width":2560,"height":1740},{"@type":"BreadcrumbList","@id":"https:\/\/emc-mec.ca\/article-de-nouvelles\/nissan-canada-announces-membership-to-electric-mobility-canada-at-evve-2024\/#breadcrumb","itemListElement":[{"@type":"ListItem","position":1,"name":"Home","item":"https:\/\/emc-mec.ca\/fr\/"},{"@type":"ListItem","position":2,"name":"News","item":"https:\/\/emc-mec.ca\/fr\/article-de-nouvelles\/"},{"@type":"ListItem","position":3,"name":"Nissan Canada annonce son adh\u00e9sion \u00e0 Mobilit\u00e9 \u00e9lectrique Canada \u00e0 EVVE 2024"}]},{"@type":"WebSite","@id":"https:\/\/emc-mec.ca\/#website","url":"https:\/\/emc-mec.ca\/","name":"Mobilit\u00e9 Electrique Canada","description":"Acc\u00e9l\u00e9rer l&#039;\u00e9lectrification des transports","potentialAction":[{"@type":"SearchAction","target":{"@type":"EntryPoint","urlTemplate":"https:\/\/emc-mec.ca\/?s={search_term_string}"},"query-input":{"@type":"PropertyValueSpecification","valueRequired":true,"valueName":"search_term_string"}}],"inLanguage":"fr-FR"}]}},"_links":{"self":[{"href":"https:\/\/emc-mec.ca\/fr\/wp-json\/wp\/v2\/news-post\/3113","targetHints":{"allow":["GET"]}}],"collection":[{"href":"https:\/\/emc-mec.ca\/fr\/wp-json\/wp\/v2\/news-post"}],"about":[{"href":"https:\/\/emc-mec.ca\/fr\/wp-json\/wp\/v2\/types\/news-post"}],"wp:featuredmedia":[{"embeddable":true,"href":"https:\/\/emc-mec.ca\/fr\/wp-json\/wp\/v2\/media\/3112"}],"wp:attachment":[{"href":"https:\/\/emc-mec.ca\/fr\/wp-json\/wp\/v2\/media?parent=3113"}],"wp:term":[{"taxonomy":"news-post-category","embeddable":true,"href":"https:\/\/emc-mec.ca\/fr\/wp-json\/wp\/v2\/news-post-category?post=3113"}],"curies":[{"name":"wp","href":"https:\/\/api.w.org\/{rel}","templated":true}]}}