{"id":3100,"date":"2024-08-26T11:40:24","date_gmt":"2024-08-26T15:40:24","guid":{"rendered":"https:\/\/emc-mec.ca\/?post_type=news-post&#038;p=3100"},"modified":"2024-08-26T12:29:56","modified_gmt":"2024-08-26T16:29:56","slug":"declaration-de-mobilite-electrique-canada-sur-la-decision-du-gouvernement-canadien-dimposer-un-tarif-de-100-sur-les-ve-fabriques-en-chine","status":"publish","type":"news-post","link":"https:\/\/emc-mec.ca\/fr\/article-de-nouvelles\/declaration-de-mobilite-electrique-canada-sur-la-decision-du-gouvernement-canadien-dimposer-un-tarif-de-100-sur-les-ve-fabriques-en-chine\/","title":{"rendered":"D\u00e9claration de Mobilit\u00e9 \u00c9lectrique Canada sur la d\u00e9cision du gouvernement canadien d&#8217;imposer un tarif de 100 % sur les VE fabriqu\u00e9s en Chine"},"content":{"rendered":"<p><strong>26 ao\u00fbt 2024<\/strong><\/p>\n<p>Mobilit\u00e9 \u00c9lectrique Canada (MEC) soutient la d\u00e9cision du gouvernement f\u00e9d\u00e9ral <a href=\"https:\/\/www.canada.ca\/fr\/ministere-finances\/nouvelles\/2024\/08\/le-canada-met-en-uvre-des-mesures-pour-proteger-sa-main-duvre-et-ses-secteurs-economiques-cles-contre-les-pratiques-commerciales-deloyales-de-la-chine.html\" target=\"_blank\" rel=\"noopener\">d&#8217;imposer un tarif sur les v\u00e9hicules \u00e9lectriques (VE) fabriqu\u00e9s en Chine<\/a>. Cependant, MEC aimerait que la m\u00eame mesure soit appliqu\u00e9e aux v\u00e9hicules \u00e0 essence en provenance de Chine. Actuellement, aucun tarif n&#8217;est appliqu\u00e9 aux v\u00e9hicules \u00e0 moteur \u00e0 combustion interne (MCI) chinois.<\/p>\n<p>Le Canada investit massivement dans le d\u00e9veloppement d&#8217;une cha\u00eene d&#8217;approvisionnement en VE, et nous voulons nous assurer de prot\u00e9ger les travailleurs canadiens contre des pratiques de travail, environnementales et commerciales d\u00e9loyales.<\/p>\n<p>En ce qui concerne l&#8217;abordabilit\u00e9, certains constructeurs automobiles d&#8217;autres pays, comme la Cor\u00e9e du Sud, le Japon et l&#8217;Europe, proposent actuellement des VE plus petits et plus abordables \u00e0 d&#8217;autres march\u00e9s \u00e0 travers le monde, \u00e0 l&#8217;exclusion du Canada. MEC invite le gouvernement f\u00e9d\u00e9ral \u00e0 s&#8217;assurer que ces v\u00e9hicules soient disponibles sur le march\u00e9 canadien. Nous croyons que les Canadiens sont d\u00e9sireux et m\u00e9ritent d&#8217;avoir acc\u00e8s \u00e0 des VE plus abordables. De plus, emp\u00eacher ces v\u00e9hicules d&#8217;entrer sur le march\u00e9 canadien rendra l&#8217;atteinte des objectifs de ventes de VZE du Canada plus difficile.<\/p>\n","protected":false},"excerpt":{"rendered":"<p>26 ao\u00fbt 2024 Mobilit\u00e9 \u00c9lectrique Canada (MEC) soutient la d\u00e9cision du gouvernement f\u00e9d\u00e9ral d&#8217;imposer un tarif sur les v\u00e9hicules \u00e9lectriques (VE) fabriqu\u00e9s en Chine. Cependant, [&hellip;]<\/p>\n","protected":false},"featured_media":0,"menu_order":0,"template":"","meta":{"_acf_changed":false,"_monsterinsights_skip_tracking":false,"_monsterinsights_sitenote_active":false,"_monsterinsights_sitenote_note":"","_monsterinsights_sitenote_category":0},"news-post-category":[58,51],"class_list":["post-3100","news-post","type-news-post","status-publish","hentry","news-post-category-emc-news-release-fr","news-post-category-faits-saillants"],"acf":[],"yoast_head":"<!-- This site is optimized with the Yoast SEO plugin v27.4 - https:\/\/yoast.com\/product\/yoast-seo-wordpress\/ -->\n<title>D\u00e9claration de Mobilit\u00e9 \u00c9lectrique Canada sur la d\u00e9cision du gouvernement canadien d&#039;imposer un tarif de 100 % sur les VE fabriqu\u00e9s en Chine - Mobilit\u00e9 Electrique Canada<\/title>\n<meta name=\"robots\" content=\"index, follow, max-snippet:-1, max-image-preview:large, max-video-preview:-1\" \/>\n<link rel=\"canonical\" href=\"https:\/\/emc-mec.ca\/fr\/article-de-nouvelles\/declaration-de-mobilite-electrique-canada-sur-la-decision-du-gouvernement-canadien-dimposer-un-tarif-de-100-sur-les-ve-fabriques-en-chine\/\" \/>\n<meta property=\"og:locale\" content=\"fr_FR\" \/>\n<meta property=\"og:type\" content=\"article\" \/>\n<meta property=\"og:title\" content=\"D\u00e9claration de Mobilit\u00e9 \u00c9lectrique Canada sur la d\u00e9cision du gouvernement canadien d&#039;imposer un tarif de 100 % sur les VE fabriqu\u00e9s en Chine - Mobilit\u00e9 Electrique Canada\" \/>\n<meta property=\"og:description\" content=\"26 ao\u00fbt 2024 Mobilit\u00e9 \u00c9lectrique Canada (MEC) soutient la d\u00e9cision du gouvernement f\u00e9d\u00e9ral d&#8217;imposer un tarif sur les v\u00e9hicules \u00e9lectriques (VE) fabriqu\u00e9s en Chine. Cependant, [&hellip;]\" \/>\n<meta property=\"og:url\" content=\"https:\/\/emc-mec.ca\/fr\/article-de-nouvelles\/declaration-de-mobilite-electrique-canada-sur-la-decision-du-gouvernement-canadien-dimposer-un-tarif-de-100-sur-les-ve-fabriques-en-chine\/\" \/>\n<meta property=\"og:site_name\" content=\"Mobilit\u00e9 Electrique Canada\" \/>\n<meta property=\"article:modified_time\" content=\"2024-08-26T16:29:56+00:00\" \/>\n<meta name=\"twitter:card\" content=\"summary_large_image\" \/>\n<meta name=\"twitter:label1\" content=\"Dur\u00e9e de lecture estim\u00e9e\" \/>\n\t<meta name=\"twitter:data1\" content=\"1 minute\" \/>\n<script type=\"application\/ld+json\" class=\"yoast-schema-graph\">{\"@context\":\"https:\\\/\\\/schema.org\",\"@graph\":[{\"@type\":\"WebPage\",\"@id\":\"https:\\\/\\\/emc-mec.ca\\\/fr\\\/article-de-nouvelles\\\/declaration-de-mobilite-electrique-canada-sur-la-decision-du-gouvernement-canadien-dimposer-un-tarif-de-100-sur-les-ve-fabriques-en-chine\\\/\",\"url\":\"https:\\\/\\\/emc-mec.ca\\\/fr\\\/article-de-nouvelles\\\/declaration-de-mobilite-electrique-canada-sur-la-decision-du-gouvernement-canadien-dimposer-un-tarif-de-100-sur-les-ve-fabriques-en-chine\\\/\",\"name\":\"D\u00e9claration de Mobilit\u00e9 \u00c9lectrique Canada sur la d\u00e9cision du gouvernement canadien d'imposer un tarif de 100 % sur les VE fabriqu\u00e9s en Chine - Mobilit\u00e9 Electrique Canada\",\"isPartOf\":{\"@id\":\"https:\\\/\\\/emc-mec.ca\\\/#website\"},\"datePublished\":\"2024-08-26T15:40:24+00:00\",\"dateModified\":\"2024-08-26T16:29:56+00:00\",\"breadcrumb\":{\"@id\":\"https:\\\/\\\/emc-mec.ca\\\/fr\\\/article-de-nouvelles\\\/declaration-de-mobilite-electrique-canada-sur-la-decision-du-gouvernement-canadien-dimposer-un-tarif-de-100-sur-les-ve-fabriques-en-chine\\\/#breadcrumb\"},\"inLanguage\":\"fr-FR\",\"potentialAction\":[{\"@type\":\"ReadAction\",\"target\":[\"https:\\\/\\\/emc-mec.ca\\\/fr\\\/article-de-nouvelles\\\/declaration-de-mobilite-electrique-canada-sur-la-decision-du-gouvernement-canadien-dimposer-un-tarif-de-100-sur-les-ve-fabriques-en-chine\\\/\"]}]},{\"@type\":\"BreadcrumbList\",\"@id\":\"https:\\\/\\\/emc-mec.ca\\\/fr\\\/article-de-nouvelles\\\/declaration-de-mobilite-electrique-canada-sur-la-decision-du-gouvernement-canadien-dimposer-un-tarif-de-100-sur-les-ve-fabriques-en-chine\\\/#breadcrumb\",\"itemListElement\":[{\"@type\":\"ListItem\",\"position\":1,\"name\":\"Home\",\"item\":\"https:\\\/\\\/emc-mec.ca\\\/fr\\\/\"},{\"@type\":\"ListItem\",\"position\":2,\"name\":\"News\",\"item\":\"https:\\\/\\\/emc-mec.ca\\\/fr\\\/article-de-nouvelles\\\/\"},{\"@type\":\"ListItem\",\"position\":3,\"name\":\"D\u00e9claration de Mobilit\u00e9 \u00c9lectrique Canada sur la d\u00e9cision du gouvernement canadien d&#8217;imposer un tarif de 100 % sur les VE fabriqu\u00e9s en Chine\"}]},{\"@type\":\"WebSite\",\"@id\":\"https:\\\/\\\/emc-mec.ca\\\/#website\",\"url\":\"https:\\\/\\\/emc-mec.ca\\\/\",\"name\":\"Mobilit\u00e9 Electrique Canada\",\"description\":\"Acc\u00e9l\u00e9rer l&#039;\u00e9lectrification des transports\",\"potentialAction\":[{\"@type\":\"SearchAction\",\"target\":{\"@type\":\"EntryPoint\",\"urlTemplate\":\"https:\\\/\\\/emc-mec.ca\\\/?s={search_term_string}\"},\"query-input\":{\"@type\":\"PropertyValueSpecification\",\"valueRequired\":true,\"valueName\":\"search_term_string\"}}],\"inLanguage\":\"fr-FR\"}]}<\/script>\n<!-- \/ Yoast SEO plugin. -->","yoast_head_json":{"title":"D\u00e9claration de Mobilit\u00e9 \u00c9lectrique Canada sur la d\u00e9cision du gouvernement canadien d'imposer un tarif de 100 % sur les VE fabriqu\u00e9s en Chine - Mobilit\u00e9 Electrique Canada","robots":{"index":"index","follow":"follow","max-snippet":"max-snippet:-1","max-image-preview":"max-image-preview:large","max-video-preview":"max-video-preview:-1"},"canonical":"https:\/\/emc-mec.ca\/fr\/article-de-nouvelles\/declaration-de-mobilite-electrique-canada-sur-la-decision-du-gouvernement-canadien-dimposer-un-tarif-de-100-sur-les-ve-fabriques-en-chine\/","og_locale":"fr_FR","og_type":"article","og_title":"D\u00e9claration de Mobilit\u00e9 \u00c9lectrique Canada sur la d\u00e9cision du gouvernement canadien d'imposer un tarif de 100 % sur les VE fabriqu\u00e9s en Chine - Mobilit\u00e9 Electrique Canada","og_description":"26 ao\u00fbt 2024 Mobilit\u00e9 \u00c9lectrique Canada (MEC) soutient la d\u00e9cision du gouvernement f\u00e9d\u00e9ral d&#8217;imposer un tarif sur les v\u00e9hicules \u00e9lectriques (VE) fabriqu\u00e9s en Chine. Cependant, [&hellip;]","og_url":"https:\/\/emc-mec.ca\/fr\/article-de-nouvelles\/declaration-de-mobilite-electrique-canada-sur-la-decision-du-gouvernement-canadien-dimposer-un-tarif-de-100-sur-les-ve-fabriques-en-chine\/","og_site_name":"Mobilit\u00e9 Electrique Canada","article_modified_time":"2024-08-26T16:29:56+00:00","twitter_card":"summary_large_image","twitter_misc":{"Dur\u00e9e de lecture estim\u00e9e":"1 minute"},"schema":{"@context":"https:\/\/schema.org","@graph":[{"@type":"WebPage","@id":"https:\/\/emc-mec.ca\/fr\/article-de-nouvelles\/declaration-de-mobilite-electrique-canada-sur-la-decision-du-gouvernement-canadien-dimposer-un-tarif-de-100-sur-les-ve-fabriques-en-chine\/","url":"https:\/\/emc-mec.ca\/fr\/article-de-nouvelles\/declaration-de-mobilite-electrique-canada-sur-la-decision-du-gouvernement-canadien-dimposer-un-tarif-de-100-sur-les-ve-fabriques-en-chine\/","name":"D\u00e9claration de Mobilit\u00e9 \u00c9lectrique Canada sur la d\u00e9cision du gouvernement canadien d'imposer un tarif de 100 % sur les VE fabriqu\u00e9s en Chine - Mobilit\u00e9 Electrique Canada","isPartOf":{"@id":"https:\/\/emc-mec.ca\/#website"},"datePublished":"2024-08-26T15:40:24+00:00","dateModified":"2024-08-26T16:29:56+00:00","breadcrumb":{"@id":"https:\/\/emc-mec.ca\/fr\/article-de-nouvelles\/declaration-de-mobilite-electrique-canada-sur-la-decision-du-gouvernement-canadien-dimposer-un-tarif-de-100-sur-les-ve-fabriques-en-chine\/#breadcrumb"},"inLanguage":"fr-FR","potentialAction":[{"@type":"ReadAction","target":["https:\/\/emc-mec.ca\/fr\/article-de-nouvelles\/declaration-de-mobilite-electrique-canada-sur-la-decision-du-gouvernement-canadien-dimposer-un-tarif-de-100-sur-les-ve-fabriques-en-chine\/"]}]},{"@type":"BreadcrumbList","@id":"https:\/\/emc-mec.ca\/fr\/article-de-nouvelles\/declaration-de-mobilite-electrique-canada-sur-la-decision-du-gouvernement-canadien-dimposer-un-tarif-de-100-sur-les-ve-fabriques-en-chine\/#breadcrumb","itemListElement":[{"@type":"ListItem","position":1,"name":"Home","item":"https:\/\/emc-mec.ca\/fr\/"},{"@type":"ListItem","position":2,"name":"News","item":"https:\/\/emc-mec.ca\/fr\/article-de-nouvelles\/"},{"@type":"ListItem","position":3,"name":"D\u00e9claration de Mobilit\u00e9 \u00c9lectrique Canada sur la d\u00e9cision du gouvernement canadien d&#8217;imposer un tarif de 100 % sur les VE fabriqu\u00e9s en Chine"}]},{"@type":"WebSite","@id":"https:\/\/emc-mec.ca\/#website","url":"https:\/\/emc-mec.ca\/","name":"Mobilit\u00e9 Electrique Canada","description":"Acc\u00e9l\u00e9rer l&#039;\u00e9lectrification des transports","potentialAction":[{"@type":"SearchAction","target":{"@type":"EntryPoint","urlTemplate":"https:\/\/emc-mec.ca\/?s={search_term_string}"},"query-input":{"@type":"PropertyValueSpecification","valueRequired":true,"valueName":"search_term_string"}}],"inLanguage":"fr-FR"}]}},"_links":{"self":[{"href":"https:\/\/emc-mec.ca\/fr\/wp-json\/wp\/v2\/news-post\/3100","targetHints":{"allow":["GET"]}}],"collection":[{"href":"https:\/\/emc-mec.ca\/fr\/wp-json\/wp\/v2\/news-post"}],"about":[{"href":"https:\/\/emc-mec.ca\/fr\/wp-json\/wp\/v2\/types\/news-post"}],"wp:attachment":[{"href":"https:\/\/emc-mec.ca\/fr\/wp-json\/wp\/v2\/media?parent=3100"}],"wp:term":[{"taxonomy":"news-post-category","embeddable":true,"href":"https:\/\/emc-mec.ca\/fr\/wp-json\/wp\/v2\/news-post-category?post=3100"}],"curies":[{"name":"wp","href":"https:\/\/api.w.org\/{rel}","templated":true}]}}