{"id":3007,"date":"2024-07-04T06:59:45","date_gmt":"2024-07-04T10:59:45","guid":{"rendered":"https:\/\/emc-mec.ca\/?post_type=news-post&#038;p=3007"},"modified":"2024-07-04T07:02:53","modified_gmt":"2024-07-04T11:02:53","slug":"hyundai-canada-devient-membre-de-mobilite-electrique-canada","status":"publish","type":"news-post","link":"https:\/\/emc-mec.ca\/fr\/article-de-nouvelles\/hyundai-canada-devient-membre-de-mobilite-electrique-canada\/","title":{"rendered":"Hyundai Canada devient membre de Mobilit\u00e9 \u00e9lectrique Canada"},"content":{"rendered":"<p>Nous sommes ravis d&#8217;annoncer que Hyundai Canada est devenu membre de Mobilit\u00e9 \u00e9lectrique Canada (MEC). Cette collaboration repr\u00e9sente une \u00e9tape importante vers l&#8217;avancement de la mobilit\u00e9 \u00e9lectrique \u00e0 travers le pays, renfor\u00e7ant notre engagement commun pour un avenir durable.<\/p>\n<p>Daniel Breton, pr\u00e9sident et directeur g\u00e9n\u00e9ral de MEC, a d\u00e9clar\u00e9 : \u00ab Nous sommes ravis d&#8217;accueillir Hyundai Canada au sein de MEC. Leur approche innovante des v\u00e9hicules \u00e9lectriques et leur engagement envers le mobilit\u00e9 durable s&#8217;alignent parfaitement avec notre mission. Ensemble, avec les membres de MEC qui sont des innovateurs, des leaders et des promoteurs de la mobilit\u00e9 \u00e9lectrique, nous allons acc\u00e9l\u00e9rer l&#8217;adoption de la mobilit\u00e9 \u00e9lectrique \u00e0 travers le pays, ouvrant la voie \u00e0 un avenir plus propre et plus durable pour tous les Canadiens \u00bb.<\/p>\n<p>\u00ab Hyundai Auto Canada s&#8217;engage \u00e0 construire un avenir avec des v\u00e9hicules enti\u00e8rement \u00e9lectriques qui ne produisent aucune \u00e9mission. Nous sommes fiers de devenir membre de Mobilit\u00e9 \u00e9lectrique Canada, une organisation qui, depuis plus de 18 ans, s&#8217;est fermement d\u00e9di\u00e9e \u00e0 promouvoir la transition vers les v\u00e9hicules \u00e9lectriques gr\u00e2ce \u00e0 ses nombreux projets avec les consommateurs et \u00e0 son implication aupr\u00e8s des diff\u00e9rents niveaux de gouvernement. Ensemble, je suis convaincu que nous r\u00e9ussirons \u00e0 cr\u00e9er une industrie automobile plus propre et plus prosp\u00e8re pour les g\u00e9n\u00e9rations futures \u00bb, d\u00e9clare Don Romano, pr\u00e9sident et directeur g\u00e9n\u00e9ral de Hyundai Auto Canada.<\/p>\n","protected":false},"excerpt":{"rendered":"<p>Nous sommes ravis d&#8217;annoncer que Hyundai Canada est devenu membre de Mobilit\u00e9 \u00e9lectrique Canada (MEC). Cette collaboration repr\u00e9sente une \u00e9tape importante vers l&#8217;avancement de la [&hellip;]<\/p>\n","protected":false},"featured_media":3006,"menu_order":0,"template":"","meta":{"_acf_changed":false,"_monsterinsights_skip_tracking":false,"_monsterinsights_sitenote_active":false,"_monsterinsights_sitenote_note":"","_monsterinsights_sitenote_category":0},"news-post-category":[58,50],"class_list":["post-3007","news-post","type-news-post","status-publish","has-post-thumbnail","hentry","news-post-category-emc-news-release-fr","news-post-category-nouvelles-sur-les-ve"],"acf":[],"yoast_head":"<!-- This site is optimized with the Yoast SEO plugin v27.4 - https:\/\/yoast.com\/product\/yoast-seo-wordpress\/ -->\n<title>Hyundai Canada devient membre de Mobilit\u00e9 \u00e9lectrique Canada - Mobilit\u00e9 Electrique Canada<\/title>\n<meta name=\"robots\" content=\"index, follow, max-snippet:-1, max-image-preview:large, max-video-preview:-1\" \/>\n<link rel=\"canonical\" href=\"https:\/\/emc-mec.ca\/fr\/article-de-nouvelles\/hyundai-canada-devient-membre-de-mobilite-electrique-canada\/\" \/>\n<meta property=\"og:locale\" content=\"fr_FR\" \/>\n<meta property=\"og:type\" content=\"article\" \/>\n<meta property=\"og:title\" content=\"Hyundai Canada devient membre de Mobilit\u00e9 \u00e9lectrique Canada - Mobilit\u00e9 Electrique Canada\" \/>\n<meta property=\"og:description\" content=\"Nous sommes ravis d&#8217;annoncer que Hyundai Canada est devenu membre de Mobilit\u00e9 \u00e9lectrique Canada (MEC). Cette collaboration repr\u00e9sente une \u00e9tape importante vers l&#8217;avancement de la [&hellip;]\" \/>\n<meta property=\"og:url\" content=\"https:\/\/emc-mec.ca\/fr\/article-de-nouvelles\/hyundai-canada-devient-membre-de-mobilite-electrique-canada\/\" \/>\n<meta property=\"og:site_name\" content=\"Mobilit\u00e9 Electrique Canada\" \/>\n<meta property=\"article:modified_time\" content=\"2024-07-04T11:02:53+00:00\" \/>\n<meta property=\"og:image\" content=\"https:\/\/emc-mec.ca\/wp-content\/uploads\/2024\/07\/DB-with-Don-Romano.jpg\" \/>\n\t<meta property=\"og:image:width\" content=\"1920\" \/>\n\t<meta property=\"og:image:height\" content=\"1494\" \/>\n\t<meta property=\"og:image:type\" content=\"image\/jpeg\" \/>\n<meta name=\"twitter:card\" content=\"summary_large_image\" \/>\n<meta name=\"twitter:label1\" content=\"Dur\u00e9e de lecture estim\u00e9e\" \/>\n\t<meta name=\"twitter:data1\" content=\"2 minutes\" \/>\n<script type=\"application\/ld+json\" class=\"yoast-schema-graph\">{\"@context\":\"https:\\\/\\\/schema.org\",\"@graph\":[{\"@type\":\"WebPage\",\"@id\":\"https:\\\/\\\/emc-mec.ca\\\/fr\\\/article-de-nouvelles\\\/hyundai-canada-devient-membre-de-mobilite-electrique-canada\\\/\",\"url\":\"https:\\\/\\\/emc-mec.ca\\\/fr\\\/article-de-nouvelles\\\/hyundai-canada-devient-membre-de-mobilite-electrique-canada\\\/\",\"name\":\"Hyundai Canada devient membre de Mobilit\u00e9 \u00e9lectrique Canada - Mobilit\u00e9 Electrique Canada\",\"isPartOf\":{\"@id\":\"https:\\\/\\\/emc-mec.ca\\\/#website\"},\"primaryImageOfPage\":{\"@id\":\"https:\\\/\\\/emc-mec.ca\\\/fr\\\/article-de-nouvelles\\\/hyundai-canada-devient-membre-de-mobilite-electrique-canada\\\/#primaryimage\"},\"image\":{\"@id\":\"https:\\\/\\\/emc-mec.ca\\\/fr\\\/article-de-nouvelles\\\/hyundai-canada-devient-membre-de-mobilite-electrique-canada\\\/#primaryimage\"},\"thumbnailUrl\":\"https:\\\/\\\/emc-mec.ca\\\/wp-content\\\/uploads\\\/2024\\\/07\\\/DB-with-Don-Romano.jpg\",\"datePublished\":\"2024-07-04T10:59:45+00:00\",\"dateModified\":\"2024-07-04T11:02:53+00:00\",\"breadcrumb\":{\"@id\":\"https:\\\/\\\/emc-mec.ca\\\/fr\\\/article-de-nouvelles\\\/hyundai-canada-devient-membre-de-mobilite-electrique-canada\\\/#breadcrumb\"},\"inLanguage\":\"fr-FR\",\"potentialAction\":[{\"@type\":\"ReadAction\",\"target\":[\"https:\\\/\\\/emc-mec.ca\\\/fr\\\/article-de-nouvelles\\\/hyundai-canada-devient-membre-de-mobilite-electrique-canada\\\/\"]}]},{\"@type\":\"ImageObject\",\"inLanguage\":\"fr-FR\",\"@id\":\"https:\\\/\\\/emc-mec.ca\\\/fr\\\/article-de-nouvelles\\\/hyundai-canada-devient-membre-de-mobilite-electrique-canada\\\/#primaryimage\",\"url\":\"https:\\\/\\\/emc-mec.ca\\\/wp-content\\\/uploads\\\/2024\\\/07\\\/DB-with-Don-Romano.jpg\",\"contentUrl\":\"https:\\\/\\\/emc-mec.ca\\\/wp-content\\\/uploads\\\/2024\\\/07\\\/DB-with-Don-Romano.jpg\",\"width\":1920,\"height\":1494},{\"@type\":\"BreadcrumbList\",\"@id\":\"https:\\\/\\\/emc-mec.ca\\\/fr\\\/article-de-nouvelles\\\/hyundai-canada-devient-membre-de-mobilite-electrique-canada\\\/#breadcrumb\",\"itemListElement\":[{\"@type\":\"ListItem\",\"position\":1,\"name\":\"Home\",\"item\":\"https:\\\/\\\/emc-mec.ca\\\/fr\\\/\"},{\"@type\":\"ListItem\",\"position\":2,\"name\":\"News\",\"item\":\"https:\\\/\\\/emc-mec.ca\\\/fr\\\/article-de-nouvelles\\\/\"},{\"@type\":\"ListItem\",\"position\":3,\"name\":\"Hyundai Canada devient membre de Mobilit\u00e9 \u00e9lectrique Canada\"}]},{\"@type\":\"WebSite\",\"@id\":\"https:\\\/\\\/emc-mec.ca\\\/#website\",\"url\":\"https:\\\/\\\/emc-mec.ca\\\/\",\"name\":\"Mobilit\u00e9 Electrique Canada\",\"description\":\"Acc\u00e9l\u00e9rer l&#039;\u00e9lectrification des transports\",\"potentialAction\":[{\"@type\":\"SearchAction\",\"target\":{\"@type\":\"EntryPoint\",\"urlTemplate\":\"https:\\\/\\\/emc-mec.ca\\\/?s={search_term_string}\"},\"query-input\":{\"@type\":\"PropertyValueSpecification\",\"valueRequired\":true,\"valueName\":\"search_term_string\"}}],\"inLanguage\":\"fr-FR\"}]}<\/script>\n<!-- \/ Yoast SEO plugin. -->","yoast_head_json":{"title":"Hyundai Canada devient membre de Mobilit\u00e9 \u00e9lectrique Canada - Mobilit\u00e9 Electrique Canada","robots":{"index":"index","follow":"follow","max-snippet":"max-snippet:-1","max-image-preview":"max-image-preview:large","max-video-preview":"max-video-preview:-1"},"canonical":"https:\/\/emc-mec.ca\/fr\/article-de-nouvelles\/hyundai-canada-devient-membre-de-mobilite-electrique-canada\/","og_locale":"fr_FR","og_type":"article","og_title":"Hyundai Canada devient membre de Mobilit\u00e9 \u00e9lectrique Canada - Mobilit\u00e9 Electrique Canada","og_description":"Nous sommes ravis d&#8217;annoncer que Hyundai Canada est devenu membre de Mobilit\u00e9 \u00e9lectrique Canada (MEC). Cette collaboration repr\u00e9sente une \u00e9tape importante vers l&#8217;avancement de la [&hellip;]","og_url":"https:\/\/emc-mec.ca\/fr\/article-de-nouvelles\/hyundai-canada-devient-membre-de-mobilite-electrique-canada\/","og_site_name":"Mobilit\u00e9 Electrique Canada","article_modified_time":"2024-07-04T11:02:53+00:00","og_image":[{"width":1920,"height":1494,"url":"https:\/\/emc-mec.ca\/wp-content\/uploads\/2024\/07\/DB-with-Don-Romano.jpg","type":"image\/jpeg"}],"twitter_card":"summary_large_image","twitter_misc":{"Dur\u00e9e de lecture estim\u00e9e":"2 minutes"},"schema":{"@context":"https:\/\/schema.org","@graph":[{"@type":"WebPage","@id":"https:\/\/emc-mec.ca\/fr\/article-de-nouvelles\/hyundai-canada-devient-membre-de-mobilite-electrique-canada\/","url":"https:\/\/emc-mec.ca\/fr\/article-de-nouvelles\/hyundai-canada-devient-membre-de-mobilite-electrique-canada\/","name":"Hyundai Canada devient membre de Mobilit\u00e9 \u00e9lectrique Canada - Mobilit\u00e9 Electrique Canada","isPartOf":{"@id":"https:\/\/emc-mec.ca\/#website"},"primaryImageOfPage":{"@id":"https:\/\/emc-mec.ca\/fr\/article-de-nouvelles\/hyundai-canada-devient-membre-de-mobilite-electrique-canada\/#primaryimage"},"image":{"@id":"https:\/\/emc-mec.ca\/fr\/article-de-nouvelles\/hyundai-canada-devient-membre-de-mobilite-electrique-canada\/#primaryimage"},"thumbnailUrl":"https:\/\/emc-mec.ca\/wp-content\/uploads\/2024\/07\/DB-with-Don-Romano.jpg","datePublished":"2024-07-04T10:59:45+00:00","dateModified":"2024-07-04T11:02:53+00:00","breadcrumb":{"@id":"https:\/\/emc-mec.ca\/fr\/article-de-nouvelles\/hyundai-canada-devient-membre-de-mobilite-electrique-canada\/#breadcrumb"},"inLanguage":"fr-FR","potentialAction":[{"@type":"ReadAction","target":["https:\/\/emc-mec.ca\/fr\/article-de-nouvelles\/hyundai-canada-devient-membre-de-mobilite-electrique-canada\/"]}]},{"@type":"ImageObject","inLanguage":"fr-FR","@id":"https:\/\/emc-mec.ca\/fr\/article-de-nouvelles\/hyundai-canada-devient-membre-de-mobilite-electrique-canada\/#primaryimage","url":"https:\/\/emc-mec.ca\/wp-content\/uploads\/2024\/07\/DB-with-Don-Romano.jpg","contentUrl":"https:\/\/emc-mec.ca\/wp-content\/uploads\/2024\/07\/DB-with-Don-Romano.jpg","width":1920,"height":1494},{"@type":"BreadcrumbList","@id":"https:\/\/emc-mec.ca\/fr\/article-de-nouvelles\/hyundai-canada-devient-membre-de-mobilite-electrique-canada\/#breadcrumb","itemListElement":[{"@type":"ListItem","position":1,"name":"Home","item":"https:\/\/emc-mec.ca\/fr\/"},{"@type":"ListItem","position":2,"name":"News","item":"https:\/\/emc-mec.ca\/fr\/article-de-nouvelles\/"},{"@type":"ListItem","position":3,"name":"Hyundai Canada devient membre de Mobilit\u00e9 \u00e9lectrique Canada"}]},{"@type":"WebSite","@id":"https:\/\/emc-mec.ca\/#website","url":"https:\/\/emc-mec.ca\/","name":"Mobilit\u00e9 Electrique Canada","description":"Acc\u00e9l\u00e9rer l&#039;\u00e9lectrification des transports","potentialAction":[{"@type":"SearchAction","target":{"@type":"EntryPoint","urlTemplate":"https:\/\/emc-mec.ca\/?s={search_term_string}"},"query-input":{"@type":"PropertyValueSpecification","valueRequired":true,"valueName":"search_term_string"}}],"inLanguage":"fr-FR"}]}},"_links":{"self":[{"href":"https:\/\/emc-mec.ca\/fr\/wp-json\/wp\/v2\/news-post\/3007","targetHints":{"allow":["GET"]}}],"collection":[{"href":"https:\/\/emc-mec.ca\/fr\/wp-json\/wp\/v2\/news-post"}],"about":[{"href":"https:\/\/emc-mec.ca\/fr\/wp-json\/wp\/v2\/types\/news-post"}],"wp:featuredmedia":[{"embeddable":true,"href":"https:\/\/emc-mec.ca\/fr\/wp-json\/wp\/v2\/media\/3006"}],"wp:attachment":[{"href":"https:\/\/emc-mec.ca\/fr\/wp-json\/wp\/v2\/media?parent=3007"}],"wp:term":[{"taxonomy":"news-post-category","embeddable":true,"href":"https:\/\/emc-mec.ca\/fr\/wp-json\/wp\/v2\/news-post-category?post=3007"}],"curies":[{"name":"wp","href":"https:\/\/api.w.org\/{rel}","templated":true}]}}