{"id":2995,"date":"2024-07-03T10:20:00","date_gmt":"2024-07-03T14:20:00","guid":{"rendered":"https:\/\/emc-mec.ca\/?post_type=news-post&#038;p=2995"},"modified":"2024-07-03T13:33:11","modified_gmt":"2024-07-03T17:33:11","slug":"plus-de-canadiens-interesses-par-lachat-de-vehicules-electriques-et-hybrides-rechargeables-neufs-que-de-vehicules-a-essence-et-diesel-neufs","status":"publish","type":"news-post","link":"https:\/\/emc-mec.ca\/fr\/article-de-nouvelles\/plus-de-canadiens-interesses-par-lachat-de-vehicules-electriques-et-hybrides-rechargeables-neufs-que-de-vehicules-a-essence-et-diesel-neufs\/","title":{"rendered":"Plus de Canadiens int\u00e9ress\u00e9s par l&#8217;achat de v\u00e9hicules \u00e9lectriques et hybrides rechargeables neufs que de v\u00e9hicules \u00e0 essence et diesel neufs"},"content":{"rendered":"<p><span data-contrast=\"auto\"><strong>MONTR\u00c9AL<\/strong> \u2013 Aujourd&#8217;hui, Mobilit\u00e9 \u00e9lectrique Canada a publi\u00e9 <\/span><a href=\"https:\/\/emc-mec.ca\/wp-content\/uploads\/2024\/06\/27-juin-2024-MEC-sondage-Abacus-PDF.pdf\"><span data-contrast=\"none\">les r\u00e9sultats de son dernier sondage national<\/span><\/a><span data-contrast=\"auto\"> centr\u00e9 sur les perceptions des v\u00e9hicules \u00e9lectriques (VE), les habitudes de conduite et les connaissances sur les VE. Les r\u00e9sultats fournissent des preuves empiriques que la majorit\u00e9 des r\u00e9cits n\u00e9gatifs entourant les v\u00e9hicules \u00e9lectriques sont soit manifestement faux, exag\u00e9r\u00e9s ou manquent de contexte.<\/span><span data-ccp-props=\"{&quot;201341983&quot;:0,&quot;335559739&quot;:0,&quot;335559740&quot;:240}\">\u00a0<\/span><\/p>\n<p><span data-contrast=\"auto\">&#8220;Nous sommes ravis de partager les r\u00e9sultats \u00e9clairants de notre plus<\/span> <span data-contrast=\"auto\">r\u00e9cent sondage sur les VE. Les donn\u00e9es montrent clairement un enthousiasme croissant parmi les consommateurs. Non seulement de plus en plus de personnes choisissent les VE plut\u00f4t que les v\u00e9hicules \u00e0 essence pour leur prochain achat, mais leur int\u00e9r\u00eat pour l&#8217;achat d&#8217;un VE augmente \u00e0 mesure qu&#8217;elles sont mieux inform\u00e9es. Ce changement de perception marque une avanc\u00e9e significative dans notre chemin vers un avenir plus durable&#8221;, a d\u00e9clar\u00e9 Daniel Breton, pr\u00e9sident et directeur g\u00e9n\u00e9ral de Mobilit\u00e9 \u00c9lectrique Canada.<\/span><span data-ccp-props=\"{&quot;201341983&quot;:0,&quot;335559739&quot;:0,&quot;335559740&quot;:240}\">\u00a0<\/span><\/p>\n<p><span data-contrast=\"auto\">Plus de six mille Canadiens ont particip\u00e9 \u00e0 l&#8217;enqu\u00eate qui a r\u00e9v\u00e9l\u00e9 plusieurs faits int\u00e9ressants, notamment :<\/span><span data-ccp-props=\"{&quot;201341983&quot;:0,&quot;335559739&quot;:0,&quot;335559740&quot;:240}\">\u00a0<\/span><\/p>\n<ul>\n<li><b><span data-contrast=\"auto\">Au d\u00e9but de l&#8217;enqu\u00eate<\/span><\/b><span data-contrast=\"auto\">, 44 % des Canadiens ont d\u00e9clar\u00e9 qu&#8217;ils pr\u00e9voyaient d&#8217;acheter un VE comme leur prochain nouveau v\u00e9hicule, tandis que 35 % pr\u00e9voyaient d&#8217;acheter un v\u00e9hicule \u00e0 essence ou diesel.<\/span><\/li>\n<li>La plupart des Canadiens (54 %) parcourent en moyenne 10 000 km ou moins par an. Les propri\u00e9taires de VE sont plus enclins \u00e0 parcourir entre 10 000 km et 20 000 km (38 %) par rapport aux non-propri\u00e9taires de VE (27 %).<\/li>\n<li>En moyenne, les Canadiens font 1 \u00e0 2 voyages de 500 km ou plus par an (47 %). Cependant, les propri\u00e9taires de VE sont notablement plus enclins \u00e0 faire 3 voyages ou plus de ce type par an (45 %) par rapport aux non-propri\u00e9taires de VE (24 %), ce qui d\u00e9montre que les propri\u00e9taires de v\u00e9hicules \u00e9lectriques sont tr\u00e8s \u00e0 l\u2019aise de faire de plus longs voyages.<\/li>\n<li>Un Canadien sur trois note qu&#8217;il n&#8217;a pas de trajet domicile-travail (38 %), tandis que 21 % parcourent moins de 10 km pour aller travailler.<\/li>\n<li>Pr\u00e8s des deux tiers des Canadiens qui poss\u00e8dent actuellement un VE ou un VHR notent que les rabais gouvernementaux ont influenc\u00e9 leur d\u00e9cision d&#8217;acheter leur v\u00e9hicule.<\/li>\n<li>73 % des propri\u00e9taires de VE\/VHR notent qu&#8217;ils ont confiance dans l&#8217;infrastructure de recharge publique, tandis que seulement 6 % n&#8217;ont pas confiance dans l&#8217;infrastructure de recharge publique.<\/li>\n<li>La plupart des Canadiens ne sont pas au courant de l\u2019existence des rabais f\u00e9d\u00e9raux\/provinciaux pour les VE.<\/li>\n<li>Seuls 27 % des Canadiens sont au courant de la d\u00e9duction fiscale f\u00e9d\u00e9rale pour l&#8217;achat d&#8217;un VE s&#8217;ils sont travailleurs autonomes ou poss\u00e8dent une entreprise.<\/li>\n<li>Seule une petite fraction des Canadiens (8 %) est consciente qu&#8217;il existe plus de 50 VE et VHR disponibles en dessous du prix moyen d&#8217;un v\u00e9hicule neuf au Canada (66 400 $).<span data-ccp-props=\"{&quot;201341983&quot;:0,&quot;335559739&quot;:0,&quot;335559740&quot;:240}\">\u00a0<\/span><\/li>\n<\/ul>\n<p><span data-contrast=\"auto\">\u00c0 la fin de l&#8217;enqu\u00eate, les r\u00e9pondants ont \u00e9t\u00e9 invit\u00e9s \u00e0 prendre en compte les informations fournies au cours du sondage<\/span> <span data-contrast=\"auto\">pour d\u00e9terminer ce qu&#8217;ils choisiraient pour leur prochain achat de v\u00e9hicule : <\/span><b><span data-contrast=\"auto\">Apr\u00e8s avoir appris sur les VE, 62 % des Canadiens envisagent de se tourner vers l&#8217;achat d&#8217;un VE pour leur prochain v\u00e9hicule.<\/span><\/b> <b><span data-contrast=\"auto\">Cela repr\u00e9sente une augmentation de 18 points ou de 40 % entre le d\u00e9but et la fin du sondage, d\u00e9montrant que l&#8217;\u00e9ducation sur les VE est essentielle.<\/span><\/b><span data-ccp-props=\"{&quot;201341983&quot;:0,&quot;335559739&quot;:0,&quot;335559740&quot;:240}\">\u00a0<\/span><\/p>\n<p><span data-contrast=\"auto\">Pour soutenir le mandat de recherche du Groupe consultatif sur la carboneutralit\u00e9, ce projet a \u00e9t\u00e9 r\u00e9alis\u00e9 avec le soutien financier du gouvernement du Canada. Le financement a \u00e9t\u00e9 r\u00e9alis\u00e9 par le Fonds d&#8217;action et de sensibilisation pour le climat du Fonds pour dommages \u00e0 l&#8217;environnement, administr\u00e9 par Environnement et Changement climatique Canada.<\/span><\/p>\n<p><span data-ccp-props=\"{&quot;201341983&quot;:0,&quot;335559739&quot;:0,&quot;335559740&quot;:240}\"> <img loading=\"lazy\" decoding=\"async\" class=\"alignnone wp-image-2987\" src=\"https:\/\/emc-mec.ca\/wp-content\/uploads\/2024\/07\/GoC-Wordmark_Horizontal_Colour_EN_trans-300x42.png\" alt=\"\" width=\"579\" height=\"81\" srcset=\"https:\/\/emc-mec.ca\/wp-content\/uploads\/2024\/07\/GoC-Wordmark_Horizontal_Colour_EN_trans-300x42.png 300w, https:\/\/emc-mec.ca\/wp-content\/uploads\/2024\/07\/GoC-Wordmark_Horizontal_Colour_EN_trans-1024x143.png 1024w, https:\/\/emc-mec.ca\/wp-content\/uploads\/2024\/07\/GoC-Wordmark_Horizontal_Colour_EN_trans-768x107.png 768w, https:\/\/emc-mec.ca\/wp-content\/uploads\/2024\/07\/GoC-Wordmark_Horizontal_Colour_EN_trans-1536x214.png 1536w, https:\/\/emc-mec.ca\/wp-content\/uploads\/2024\/07\/GoC-Wordmark_Horizontal_Colour_EN_trans-2048x285.png 2048w\" sizes=\"auto, (max-width: 579px) 100vw, 579px\" \/><\/span><\/p>\n<p><b><i><span data-contrast=\"auto\">Mobilit\u00e9 \u00c9lectrique Canada<\/span><\/i><\/b><span data-ccp-props=\"{&quot;201341983&quot;:0,&quot;335551550&quot;:6,&quot;335551620&quot;:6,&quot;335559739&quot;:0,&quot;335559740&quot;:240}\">\u00a0<\/span><\/p>\n<p><i><span data-contrast=\"auto\">Mobilit\u00e9 \u00c9lectrique Canada (M\u00c9C) est la voix unifiante et faisant autorit\u00e9 pour la transition vers la mobilit\u00e9 \u00e9lectrique \u00e0 travers le Canada. Fond\u00e9e en 2006, M\u00c9C est l&#8217;association nationale de l&#8217;industrie qui permet d\u2019acc\u00e9l\u00e9rer la transition vers une mobilit\u00e9 \u00e9lectrique durable par le biais de la sensibilisation, de la collaboration, de l&#8217;\u00e9ducation et du leadership \u00e9clair\u00e9, avec pour objectif ultime de cr\u00e9er un avenir plus propre, plus sain et plus prosp\u00e8re pour tous les Canadiens.<\/span><\/i><span data-ccp-props=\"{&quot;201341983&quot;:0,&quot;335551550&quot;:6,&quot;335551620&quot;:6,&quot;335559739&quot;:0,&quot;335559740&quot;:240}\">\u00a0<\/span><\/p>\n<p><b><span data-contrast=\"auto\">Contact m\u00e9dia<\/span><\/b><span data-ccp-props=\"{&quot;201341983&quot;:0,&quot;335551550&quot;:6,&quot;335551620&quot;:6,&quot;335559739&quot;:0,&quot;335559740&quot;:240}\">\u00a0<\/span><br \/>\n<span data-contrast=\"auto\">Anna Schuett<\/span><span data-ccp-props=\"{&quot;201341983&quot;:0,&quot;335551550&quot;:6,&quot;335551620&quot;:6,&quot;335559739&quot;:0,&quot;335559740&quot;:240}\">\u00a0<\/span><br \/>\n<span data-contrast=\"auto\">Directrice des communucations<\/span><span data-ccp-props=\"{&quot;201341983&quot;:0,&quot;335551550&quot;:6,&quot;335551620&quot;:6,&quot;335559739&quot;:0,&quot;335559740&quot;:240}\">\u00a0<\/span><br \/>\n<span data-contrast=\"auto\">Mobilit\u00e9 \u00e9lectrique Canada<\/span><span data-ccp-props=\"{&quot;201341983&quot;:0,&quot;335551550&quot;:6,&quot;335551620&quot;:6,&quot;335559739&quot;:0,&quot;335559740&quot;:240}\">\u00a0<\/span><br \/>\n<a href=\"mailto:anna.schuett@emc-mec.ca\"><span data-contrast=\"none\">anna.schuett@emc-mec.ca<\/span><\/a><span data-ccp-props=\"{&quot;201341983&quot;:0,&quot;335551550&quot;:6,&quot;335551620&quot;:6,&quot;335559739&quot;:0,&quot;335559740&quot;:240}\">\u00a0<\/span><br \/>\n<span data-contrast=\"auto\">(514) 787-2757<\/span><span data-ccp-props=\"{&quot;201341983&quot;:0,&quot;335551550&quot;:6,&quot;335551620&quot;:6,&quot;335559739&quot;:0,&quot;335559740&quot;:240}\">\u00a0<\/span><\/p>\n","protected":false},"excerpt":{"rendered":"<p>Aujourd&#8217;hui, Mobilit\u00e9 \u00e9lectrique Canada a publi\u00e9 les r\u00e9sultats de son dernier sondage national centr\u00e9 sur les perceptions des v\u00e9hicules \u00e9lectriques (VE), les habitudes de conduite et les connaissances sur les VE<\/p>\n","protected":false},"featured_media":2996,"menu_order":0,"template":"","meta":{"_acf_changed":false,"_monsterinsights_skip_tracking":false,"_monsterinsights_sitenote_active":false,"_monsterinsights_sitenote_note":"","_monsterinsights_sitenote_category":0},"news-post-category":[58],"class_list":["post-2995","news-post","type-news-post","status-publish","has-post-thumbnail","hentry","news-post-category-emc-news-release-fr"],"acf":[],"yoast_head":"<!-- This site is optimized with the Yoast SEO plugin v27.4 - https:\/\/yoast.com\/product\/yoast-seo-wordpress\/ -->\n<title>Plus de Canadiens int\u00e9ress\u00e9s par l&#039;achat de v\u00e9hicules \u00e9lectriques et hybrides rechargeables neufs que de v\u00e9hicules \u00e0 essence et diesel neufs - Mobilit\u00e9 Electrique Canada<\/title>\n<meta name=\"robots\" content=\"index, follow, max-snippet:-1, max-image-preview:large, max-video-preview:-1\" \/>\n<link rel=\"canonical\" href=\"https:\/\/emc-mec.ca\/fr\/article-de-nouvelles\/plus-de-canadiens-interesses-par-lachat-de-vehicules-electriques-et-hybrides-rechargeables-neufs-que-de-vehicules-a-essence-et-diesel-neufs\/\" \/>\n<meta property=\"og:locale\" content=\"fr_FR\" \/>\n<meta property=\"og:type\" content=\"article\" \/>\n<meta property=\"og:title\" content=\"Plus de Canadiens int\u00e9ress\u00e9s par l&#039;achat de v\u00e9hicules \u00e9lectriques et hybrides rechargeables neufs que de v\u00e9hicules \u00e0 essence et diesel neufs - Mobilit\u00e9 Electrique Canada\" \/>\n<meta property=\"og:description\" content=\"Aujourd&#039;hui, Mobilit\u00e9 \u00e9lectrique Canada a publi\u00e9 les r\u00e9sultats de son dernier sondage national centr\u00e9 sur les perceptions des v\u00e9hicules \u00e9lectriques (VE), les habitudes de conduite et les connaissances sur les VE\" \/>\n<meta property=\"og:url\" content=\"https:\/\/emc-mec.ca\/fr\/article-de-nouvelles\/plus-de-canadiens-interesses-par-lachat-de-vehicules-electriques-et-hybrides-rechargeables-neufs-que-de-vehicules-a-essence-et-diesel-neufs\/\" \/>\n<meta property=\"og:site_name\" content=\"Mobilit\u00e9 Electrique Canada\" \/>\n<meta property=\"article:modified_time\" content=\"2024-07-03T17:33:11+00:00\" \/>\n<meta property=\"og:image\" content=\"https:\/\/emc-mec.ca\/wp-content\/uploads\/2024\/07\/Survey-TITLE-PAGE-FRENCH-1.png\" \/>\n\t<meta property=\"og:image:width\" content=\"1277\" \/>\n\t<meta property=\"og:image:height\" content=\"715\" \/>\n\t<meta property=\"og:image:type\" content=\"image\/png\" \/>\n<meta name=\"twitter:card\" content=\"summary_large_image\" \/>\n<meta name=\"twitter:label1\" content=\"Dur\u00e9e de lecture estim\u00e9e\" \/>\n\t<meta name=\"twitter:data1\" content=\"4 minutes\" \/>\n<script type=\"application\/ld+json\" class=\"yoast-schema-graph\">{\"@context\":\"https:\\\/\\\/schema.org\",\"@graph\":[{\"@type\":\"WebPage\",\"@id\":\"https:\\\/\\\/emc-mec.ca\\\/fr\\\/article-de-nouvelles\\\/plus-de-canadiens-interesses-par-lachat-de-vehicules-electriques-et-hybrides-rechargeables-neufs-que-de-vehicules-a-essence-et-diesel-neufs\\\/\",\"url\":\"https:\\\/\\\/emc-mec.ca\\\/fr\\\/article-de-nouvelles\\\/plus-de-canadiens-interesses-par-lachat-de-vehicules-electriques-et-hybrides-rechargeables-neufs-que-de-vehicules-a-essence-et-diesel-neufs\\\/\",\"name\":\"Plus de Canadiens int\u00e9ress\u00e9s par l'achat de v\u00e9hicules \u00e9lectriques et hybrides rechargeables neufs que de v\u00e9hicules \u00e0 essence et diesel neufs - Mobilit\u00e9 Electrique Canada\",\"isPartOf\":{\"@id\":\"https:\\\/\\\/emc-mec.ca\\\/#website\"},\"primaryImageOfPage\":{\"@id\":\"https:\\\/\\\/emc-mec.ca\\\/fr\\\/article-de-nouvelles\\\/plus-de-canadiens-interesses-par-lachat-de-vehicules-electriques-et-hybrides-rechargeables-neufs-que-de-vehicules-a-essence-et-diesel-neufs\\\/#primaryimage\"},\"image\":{\"@id\":\"https:\\\/\\\/emc-mec.ca\\\/fr\\\/article-de-nouvelles\\\/plus-de-canadiens-interesses-par-lachat-de-vehicules-electriques-et-hybrides-rechargeables-neufs-que-de-vehicules-a-essence-et-diesel-neufs\\\/#primaryimage\"},\"thumbnailUrl\":\"https:\\\/\\\/emc-mec.ca\\\/wp-content\\\/uploads\\\/2024\\\/07\\\/Survey-TITLE-PAGE-FRENCH-1.png\",\"datePublished\":\"2024-07-03T14:20:00+00:00\",\"dateModified\":\"2024-07-03T17:33:11+00:00\",\"breadcrumb\":{\"@id\":\"https:\\\/\\\/emc-mec.ca\\\/fr\\\/article-de-nouvelles\\\/plus-de-canadiens-interesses-par-lachat-de-vehicules-electriques-et-hybrides-rechargeables-neufs-que-de-vehicules-a-essence-et-diesel-neufs\\\/#breadcrumb\"},\"inLanguage\":\"fr-FR\",\"potentialAction\":[{\"@type\":\"ReadAction\",\"target\":[\"https:\\\/\\\/emc-mec.ca\\\/fr\\\/article-de-nouvelles\\\/plus-de-canadiens-interesses-par-lachat-de-vehicules-electriques-et-hybrides-rechargeables-neufs-que-de-vehicules-a-essence-et-diesel-neufs\\\/\"]}]},{\"@type\":\"ImageObject\",\"inLanguage\":\"fr-FR\",\"@id\":\"https:\\\/\\\/emc-mec.ca\\\/fr\\\/article-de-nouvelles\\\/plus-de-canadiens-interesses-par-lachat-de-vehicules-electriques-et-hybrides-rechargeables-neufs-que-de-vehicules-a-essence-et-diesel-neufs\\\/#primaryimage\",\"url\":\"https:\\\/\\\/emc-mec.ca\\\/wp-content\\\/uploads\\\/2024\\\/07\\\/Survey-TITLE-PAGE-FRENCH-1.png\",\"contentUrl\":\"https:\\\/\\\/emc-mec.ca\\\/wp-content\\\/uploads\\\/2024\\\/07\\\/Survey-TITLE-PAGE-FRENCH-1.png\",\"width\":1277,\"height\":715},{\"@type\":\"BreadcrumbList\",\"@id\":\"https:\\\/\\\/emc-mec.ca\\\/fr\\\/article-de-nouvelles\\\/plus-de-canadiens-interesses-par-lachat-de-vehicules-electriques-et-hybrides-rechargeables-neufs-que-de-vehicules-a-essence-et-diesel-neufs\\\/#breadcrumb\",\"itemListElement\":[{\"@type\":\"ListItem\",\"position\":1,\"name\":\"Home\",\"item\":\"https:\\\/\\\/emc-mec.ca\\\/fr\\\/\"},{\"@type\":\"ListItem\",\"position\":2,\"name\":\"News\",\"item\":\"https:\\\/\\\/emc-mec.ca\\\/fr\\\/article-de-nouvelles\\\/\"},{\"@type\":\"ListItem\",\"position\":3,\"name\":\"Plus de Canadiens int\u00e9ress\u00e9s par l&#8217;achat de v\u00e9hicules \u00e9lectriques et hybrides rechargeables neufs que de v\u00e9hicules \u00e0 essence et diesel neufs\"}]},{\"@type\":\"WebSite\",\"@id\":\"https:\\\/\\\/emc-mec.ca\\\/#website\",\"url\":\"https:\\\/\\\/emc-mec.ca\\\/\",\"name\":\"Mobilit\u00e9 Electrique Canada\",\"description\":\"Acc\u00e9l\u00e9rer l&#039;\u00e9lectrification des transports\",\"potentialAction\":[{\"@type\":\"SearchAction\",\"target\":{\"@type\":\"EntryPoint\",\"urlTemplate\":\"https:\\\/\\\/emc-mec.ca\\\/?s={search_term_string}\"},\"query-input\":{\"@type\":\"PropertyValueSpecification\",\"valueRequired\":true,\"valueName\":\"search_term_string\"}}],\"inLanguage\":\"fr-FR\"}]}<\/script>\n<!-- \/ Yoast SEO plugin. -->","yoast_head_json":{"title":"Plus de Canadiens int\u00e9ress\u00e9s par l'achat de v\u00e9hicules \u00e9lectriques et hybrides rechargeables neufs que de v\u00e9hicules \u00e0 essence et diesel neufs - Mobilit\u00e9 Electrique Canada","robots":{"index":"index","follow":"follow","max-snippet":"max-snippet:-1","max-image-preview":"max-image-preview:large","max-video-preview":"max-video-preview:-1"},"canonical":"https:\/\/emc-mec.ca\/fr\/article-de-nouvelles\/plus-de-canadiens-interesses-par-lachat-de-vehicules-electriques-et-hybrides-rechargeables-neufs-que-de-vehicules-a-essence-et-diesel-neufs\/","og_locale":"fr_FR","og_type":"article","og_title":"Plus de Canadiens int\u00e9ress\u00e9s par l'achat de v\u00e9hicules \u00e9lectriques et hybrides rechargeables neufs que de v\u00e9hicules \u00e0 essence et diesel neufs - Mobilit\u00e9 Electrique Canada","og_description":"Aujourd'hui, Mobilit\u00e9 \u00e9lectrique Canada a publi\u00e9 les r\u00e9sultats de son dernier sondage national centr\u00e9 sur les perceptions des v\u00e9hicules \u00e9lectriques (VE), les habitudes de conduite et les connaissances sur les VE","og_url":"https:\/\/emc-mec.ca\/fr\/article-de-nouvelles\/plus-de-canadiens-interesses-par-lachat-de-vehicules-electriques-et-hybrides-rechargeables-neufs-que-de-vehicules-a-essence-et-diesel-neufs\/","og_site_name":"Mobilit\u00e9 Electrique Canada","article_modified_time":"2024-07-03T17:33:11+00:00","og_image":[{"width":1277,"height":715,"url":"https:\/\/emc-mec.ca\/wp-content\/uploads\/2024\/07\/Survey-TITLE-PAGE-FRENCH-1.png","type":"image\/png"}],"twitter_card":"summary_large_image","twitter_misc":{"Dur\u00e9e de lecture estim\u00e9e":"4 minutes"},"schema":{"@context":"https:\/\/schema.org","@graph":[{"@type":"WebPage","@id":"https:\/\/emc-mec.ca\/fr\/article-de-nouvelles\/plus-de-canadiens-interesses-par-lachat-de-vehicules-electriques-et-hybrides-rechargeables-neufs-que-de-vehicules-a-essence-et-diesel-neufs\/","url":"https:\/\/emc-mec.ca\/fr\/article-de-nouvelles\/plus-de-canadiens-interesses-par-lachat-de-vehicules-electriques-et-hybrides-rechargeables-neufs-que-de-vehicules-a-essence-et-diesel-neufs\/","name":"Plus de Canadiens int\u00e9ress\u00e9s par l'achat de v\u00e9hicules \u00e9lectriques et hybrides rechargeables neufs que de v\u00e9hicules \u00e0 essence et diesel neufs - Mobilit\u00e9 Electrique Canada","isPartOf":{"@id":"https:\/\/emc-mec.ca\/#website"},"primaryImageOfPage":{"@id":"https:\/\/emc-mec.ca\/fr\/article-de-nouvelles\/plus-de-canadiens-interesses-par-lachat-de-vehicules-electriques-et-hybrides-rechargeables-neufs-que-de-vehicules-a-essence-et-diesel-neufs\/#primaryimage"},"image":{"@id":"https:\/\/emc-mec.ca\/fr\/article-de-nouvelles\/plus-de-canadiens-interesses-par-lachat-de-vehicules-electriques-et-hybrides-rechargeables-neufs-que-de-vehicules-a-essence-et-diesel-neufs\/#primaryimage"},"thumbnailUrl":"https:\/\/emc-mec.ca\/wp-content\/uploads\/2024\/07\/Survey-TITLE-PAGE-FRENCH-1.png","datePublished":"2024-07-03T14:20:00+00:00","dateModified":"2024-07-03T17:33:11+00:00","breadcrumb":{"@id":"https:\/\/emc-mec.ca\/fr\/article-de-nouvelles\/plus-de-canadiens-interesses-par-lachat-de-vehicules-electriques-et-hybrides-rechargeables-neufs-que-de-vehicules-a-essence-et-diesel-neufs\/#breadcrumb"},"inLanguage":"fr-FR","potentialAction":[{"@type":"ReadAction","target":["https:\/\/emc-mec.ca\/fr\/article-de-nouvelles\/plus-de-canadiens-interesses-par-lachat-de-vehicules-electriques-et-hybrides-rechargeables-neufs-que-de-vehicules-a-essence-et-diesel-neufs\/"]}]},{"@type":"ImageObject","inLanguage":"fr-FR","@id":"https:\/\/emc-mec.ca\/fr\/article-de-nouvelles\/plus-de-canadiens-interesses-par-lachat-de-vehicules-electriques-et-hybrides-rechargeables-neufs-que-de-vehicules-a-essence-et-diesel-neufs\/#primaryimage","url":"https:\/\/emc-mec.ca\/wp-content\/uploads\/2024\/07\/Survey-TITLE-PAGE-FRENCH-1.png","contentUrl":"https:\/\/emc-mec.ca\/wp-content\/uploads\/2024\/07\/Survey-TITLE-PAGE-FRENCH-1.png","width":1277,"height":715},{"@type":"BreadcrumbList","@id":"https:\/\/emc-mec.ca\/fr\/article-de-nouvelles\/plus-de-canadiens-interesses-par-lachat-de-vehicules-electriques-et-hybrides-rechargeables-neufs-que-de-vehicules-a-essence-et-diesel-neufs\/#breadcrumb","itemListElement":[{"@type":"ListItem","position":1,"name":"Home","item":"https:\/\/emc-mec.ca\/fr\/"},{"@type":"ListItem","position":2,"name":"News","item":"https:\/\/emc-mec.ca\/fr\/article-de-nouvelles\/"},{"@type":"ListItem","position":3,"name":"Plus de Canadiens int\u00e9ress\u00e9s par l&#8217;achat de v\u00e9hicules \u00e9lectriques et hybrides rechargeables neufs que de v\u00e9hicules \u00e0 essence et diesel neufs"}]},{"@type":"WebSite","@id":"https:\/\/emc-mec.ca\/#website","url":"https:\/\/emc-mec.ca\/","name":"Mobilit\u00e9 Electrique Canada","description":"Acc\u00e9l\u00e9rer l&#039;\u00e9lectrification des transports","potentialAction":[{"@type":"SearchAction","target":{"@type":"EntryPoint","urlTemplate":"https:\/\/emc-mec.ca\/?s={search_term_string}"},"query-input":{"@type":"PropertyValueSpecification","valueRequired":true,"valueName":"search_term_string"}}],"inLanguage":"fr-FR"}]}},"_links":{"self":[{"href":"https:\/\/emc-mec.ca\/fr\/wp-json\/wp\/v2\/news-post\/2995","targetHints":{"allow":["GET"]}}],"collection":[{"href":"https:\/\/emc-mec.ca\/fr\/wp-json\/wp\/v2\/news-post"}],"about":[{"href":"https:\/\/emc-mec.ca\/fr\/wp-json\/wp\/v2\/types\/news-post"}],"wp:featuredmedia":[{"embeddable":true,"href":"https:\/\/emc-mec.ca\/fr\/wp-json\/wp\/v2\/media\/2996"}],"wp:attachment":[{"href":"https:\/\/emc-mec.ca\/fr\/wp-json\/wp\/v2\/media?parent=2995"}],"wp:term":[{"taxonomy":"news-post-category","embeddable":true,"href":"https:\/\/emc-mec.ca\/fr\/wp-json\/wp\/v2\/news-post-category?post=2995"}],"curies":[{"name":"wp","href":"https:\/\/api.w.org\/{rel}","templated":true}]}}