{"id":2949,"date":"2024-06-19T09:58:59","date_gmt":"2024-06-19T13:58:59","guid":{"rendered":"https:\/\/emc-mec.ca\/?post_type=news-post&#038;p=2949"},"modified":"2024-06-19T17:24:03","modified_gmt":"2024-06-19T21:24:03","slug":"emc-reagit-a-la-decision-du-gouvernement-de-la-colombie-britannique-de-reduire-leligibilite-au-rabais-vze","status":"publish","type":"news-post","link":"https:\/\/emc-mec.ca\/fr\/article-de-nouvelles\/emc-reagit-a-la-decision-du-gouvernement-de-la-colombie-britannique-de-reduire-leligibilite-au-rabais-vze\/","title":{"rendered":"MEC r\u00e9agit \u00e0 la d\u00e9cision du gouvernement de la Colombie-Britannique de r\u00e9duire l&#8217;\u00e9ligibilit\u00e9 au rabais VZE"},"content":{"rendered":"<p>Mobilit\u00e9 \u00c9lectrique Canada est stup\u00e9fait de constater que le gouvernement de la Colombie-Britannique a d\u00e9cid\u00e9 d&#8217;abaisser la barre de l&#8217;admissibilit\u00e9 au programme VZE CleanBC Go Electric en r\u00e9duisant de 5 000 $ (de 55 000 $ \u00e0 50 000 $) les plafonds de prix pour les voitures et en r\u00e9duisant d&#8217;au moins 20 000 $ (de 70 000 $ \u00e0 50 000 $) le plafond de prix pour les VUS et les minifourgonnettes. Le nombre de mod\u00e8les \u00e9ligibles s&#8217;en trouvera ainsi consid\u00e9rablement r\u00e9duit.<\/p>\n<p>\u00ab \u00c9tant donn\u00e9 que la Colombie-Britannique est la province o\u00f9 le prix moyen d&#8217;un nouveau v\u00e9hicule l\u00e9ger \u00e9tait le plus \u00e9lev\u00e9 au Canada, <a href=\"https:\/\/www.autotrader.ca\/editorial\/media\/a3tdltlp\/2024-q1.pdf\" target=\"_blank\" rel=\"noopener\">soit 68 896 $ en mars 2024<\/a>, nous sommes vraiment surpris et d\u00e9\u00e7us de constater que pour \u00eatre admissible \u00e0 un remboursement, un v\u00e9hicule \u00e9lectrique devra \u00eatre offert \u00e0 un prix inf\u00e9rieur de pr\u00e8s de 20 000 $ \u00e0 ce prix moyen. Cela signifie que de nombreux consommateurs britanno-colombiens ne pourront pas passer \u00e0 l&#8217;\u00e9lectrique et risquent de se retrouver avec un v\u00e9hicule \u00e0 essence \u00e0 la place, ce qui contredit ses propres objectifs de vente de VZE et sa propre r\u00e9glementation. Nous demandons instamment au gouvernement de la Colombie-Britannique de reconsid\u00e9rer cette annonce h\u00e2tive et de s&#8217;engager avec l&#8217;industrie \u00e0 trouver une solution raisonnable pour aller de l\u2019avant \u00bb, dit Daniel Breton, Pr\u00e9sident-directeur g\u00e9n\u00e9ral de Mobilit\u00e9 \u00e9lectrique Canada.<\/p>\n<p>&nbsp;<\/p>\n<p>&nbsp;<\/p>\n","protected":false},"excerpt":{"rendered":"<p>Mobilit\u00e9 \u00c9lectrique Canada est stup\u00e9fait de constater que le gouvernement de la Colombie-Britannique a d\u00e9cid\u00e9 d&#8217;abaisser la barre de l&#8217;admissibilit\u00e9 au programme VZE CleanBC Go [&hellip;]<\/p>\n","protected":false},"featured_media":2948,"menu_order":0,"template":"","meta":{"_acf_changed":false,"_monsterinsights_skip_tracking":false,"_monsterinsights_sitenote_active":false,"_monsterinsights_sitenote_note":"","_monsterinsights_sitenote_category":0},"news-post-category":[58,50],"class_list":["post-2949","news-post","type-news-post","status-publish","has-post-thumbnail","hentry","news-post-category-emc-news-release-fr","news-post-category-nouvelles-sur-les-ve"],"acf":[],"yoast_head":"<!-- This site is optimized with the Yoast SEO plugin v27.4 - https:\/\/yoast.com\/product\/yoast-seo-wordpress\/ -->\n<title>MEC r\u00e9agit \u00e0 la d\u00e9cision du gouvernement de la Colombie-Britannique de r\u00e9duire l&#039;\u00e9ligibilit\u00e9 au rabais VZE - Mobilit\u00e9 Electrique Canada<\/title>\n<meta name=\"robots\" content=\"index, follow, max-snippet:-1, max-image-preview:large, max-video-preview:-1\" \/>\n<link rel=\"canonical\" href=\"https:\/\/emc-mec.ca\/fr\/article-de-nouvelles\/emc-reagit-a-la-decision-du-gouvernement-de-la-colombie-britannique-de-reduire-leligibilite-au-rabais-vze\/\" \/>\n<meta property=\"og:locale\" content=\"fr_FR\" \/>\n<meta property=\"og:type\" content=\"article\" \/>\n<meta property=\"og:title\" content=\"MEC r\u00e9agit \u00e0 la d\u00e9cision du gouvernement de la Colombie-Britannique de r\u00e9duire l&#039;\u00e9ligibilit\u00e9 au rabais VZE - Mobilit\u00e9 Electrique Canada\" \/>\n<meta property=\"og:description\" content=\"Mobilit\u00e9 \u00c9lectrique Canada est stup\u00e9fait de constater que le gouvernement de la Colombie-Britannique a d\u00e9cid\u00e9 d&#8217;abaisser la barre de l&#8217;admissibilit\u00e9 au programme VZE CleanBC Go [&hellip;]\" \/>\n<meta property=\"og:url\" content=\"https:\/\/emc-mec.ca\/fr\/article-de-nouvelles\/emc-reagit-a-la-decision-du-gouvernement-de-la-colombie-britannique-de-reduire-leligibilite-au-rabais-vze\/\" \/>\n<meta property=\"og:site_name\" content=\"Mobilit\u00e9 Electrique Canada\" \/>\n<meta property=\"article:modified_time\" content=\"2024-06-19T21:24:03+00:00\" \/>\n<meta property=\"og:image\" content=\"https:\/\/emc-mec.ca\/wp-content\/uploads\/2024\/06\/thumbnail_IMG_1923.jpg\" \/>\n\t<meta property=\"og:image:width\" content=\"1920\" \/>\n\t<meta property=\"og:image:height\" content=\"1444\" \/>\n\t<meta property=\"og:image:type\" content=\"image\/jpeg\" \/>\n<meta name=\"twitter:card\" content=\"summary_large_image\" \/>\n<meta name=\"twitter:label1\" content=\"Dur\u00e9e de lecture estim\u00e9e\" \/>\n\t<meta name=\"twitter:data1\" content=\"2 minutes\" \/>\n<script type=\"application\/ld+json\" class=\"yoast-schema-graph\">{\"@context\":\"https:\\\/\\\/schema.org\",\"@graph\":[{\"@type\":\"WebPage\",\"@id\":\"https:\\\/\\\/emc-mec.ca\\\/fr\\\/article-de-nouvelles\\\/emc-reagit-a-la-decision-du-gouvernement-de-la-colombie-britannique-de-reduire-leligibilite-au-rabais-vze\\\/\",\"url\":\"https:\\\/\\\/emc-mec.ca\\\/fr\\\/article-de-nouvelles\\\/emc-reagit-a-la-decision-du-gouvernement-de-la-colombie-britannique-de-reduire-leligibilite-au-rabais-vze\\\/\",\"name\":\"MEC r\u00e9agit \u00e0 la d\u00e9cision du gouvernement de la Colombie-Britannique de r\u00e9duire l'\u00e9ligibilit\u00e9 au rabais VZE - Mobilit\u00e9 Electrique Canada\",\"isPartOf\":{\"@id\":\"https:\\\/\\\/emc-mec.ca\\\/#website\"},\"primaryImageOfPage\":{\"@id\":\"https:\\\/\\\/emc-mec.ca\\\/fr\\\/article-de-nouvelles\\\/emc-reagit-a-la-decision-du-gouvernement-de-la-colombie-britannique-de-reduire-leligibilite-au-rabais-vze\\\/#primaryimage\"},\"image\":{\"@id\":\"https:\\\/\\\/emc-mec.ca\\\/fr\\\/article-de-nouvelles\\\/emc-reagit-a-la-decision-du-gouvernement-de-la-colombie-britannique-de-reduire-leligibilite-au-rabais-vze\\\/#primaryimage\"},\"thumbnailUrl\":\"https:\\\/\\\/emc-mec.ca\\\/wp-content\\\/uploads\\\/2024\\\/06\\\/thumbnail_IMG_1923.jpg\",\"datePublished\":\"2024-06-19T13:58:59+00:00\",\"dateModified\":\"2024-06-19T21:24:03+00:00\",\"breadcrumb\":{\"@id\":\"https:\\\/\\\/emc-mec.ca\\\/fr\\\/article-de-nouvelles\\\/emc-reagit-a-la-decision-du-gouvernement-de-la-colombie-britannique-de-reduire-leligibilite-au-rabais-vze\\\/#breadcrumb\"},\"inLanguage\":\"fr-FR\",\"potentialAction\":[{\"@type\":\"ReadAction\",\"target\":[\"https:\\\/\\\/emc-mec.ca\\\/fr\\\/article-de-nouvelles\\\/emc-reagit-a-la-decision-du-gouvernement-de-la-colombie-britannique-de-reduire-leligibilite-au-rabais-vze\\\/\"]}]},{\"@type\":\"ImageObject\",\"inLanguage\":\"fr-FR\",\"@id\":\"https:\\\/\\\/emc-mec.ca\\\/fr\\\/article-de-nouvelles\\\/emc-reagit-a-la-decision-du-gouvernement-de-la-colombie-britannique-de-reduire-leligibilite-au-rabais-vze\\\/#primaryimage\",\"url\":\"https:\\\/\\\/emc-mec.ca\\\/wp-content\\\/uploads\\\/2024\\\/06\\\/thumbnail_IMG_1923.jpg\",\"contentUrl\":\"https:\\\/\\\/emc-mec.ca\\\/wp-content\\\/uploads\\\/2024\\\/06\\\/thumbnail_IMG_1923.jpg\",\"width\":1920,\"height\":1444},{\"@type\":\"BreadcrumbList\",\"@id\":\"https:\\\/\\\/emc-mec.ca\\\/fr\\\/article-de-nouvelles\\\/emc-reagit-a-la-decision-du-gouvernement-de-la-colombie-britannique-de-reduire-leligibilite-au-rabais-vze\\\/#breadcrumb\",\"itemListElement\":[{\"@type\":\"ListItem\",\"position\":1,\"name\":\"Home\",\"item\":\"https:\\\/\\\/emc-mec.ca\\\/fr\\\/\"},{\"@type\":\"ListItem\",\"position\":2,\"name\":\"News\",\"item\":\"https:\\\/\\\/emc-mec.ca\\\/fr\\\/article-de-nouvelles\\\/\"},{\"@type\":\"ListItem\",\"position\":3,\"name\":\"MEC r\u00e9agit \u00e0 la d\u00e9cision du gouvernement de la Colombie-Britannique de r\u00e9duire l&#8217;\u00e9ligibilit\u00e9 au rabais VZE\"}]},{\"@type\":\"WebSite\",\"@id\":\"https:\\\/\\\/emc-mec.ca\\\/#website\",\"url\":\"https:\\\/\\\/emc-mec.ca\\\/\",\"name\":\"Mobilit\u00e9 Electrique Canada\",\"description\":\"Acc\u00e9l\u00e9rer l&#039;\u00e9lectrification des transports\",\"potentialAction\":[{\"@type\":\"SearchAction\",\"target\":{\"@type\":\"EntryPoint\",\"urlTemplate\":\"https:\\\/\\\/emc-mec.ca\\\/?s={search_term_string}\"},\"query-input\":{\"@type\":\"PropertyValueSpecification\",\"valueRequired\":true,\"valueName\":\"search_term_string\"}}],\"inLanguage\":\"fr-FR\"}]}<\/script>\n<!-- \/ Yoast SEO plugin. -->","yoast_head_json":{"title":"MEC r\u00e9agit \u00e0 la d\u00e9cision du gouvernement de la Colombie-Britannique de r\u00e9duire l'\u00e9ligibilit\u00e9 au rabais VZE - Mobilit\u00e9 Electrique Canada","robots":{"index":"index","follow":"follow","max-snippet":"max-snippet:-1","max-image-preview":"max-image-preview:large","max-video-preview":"max-video-preview:-1"},"canonical":"https:\/\/emc-mec.ca\/fr\/article-de-nouvelles\/emc-reagit-a-la-decision-du-gouvernement-de-la-colombie-britannique-de-reduire-leligibilite-au-rabais-vze\/","og_locale":"fr_FR","og_type":"article","og_title":"MEC r\u00e9agit \u00e0 la d\u00e9cision du gouvernement de la Colombie-Britannique de r\u00e9duire l'\u00e9ligibilit\u00e9 au rabais VZE - Mobilit\u00e9 Electrique Canada","og_description":"Mobilit\u00e9 \u00c9lectrique Canada est stup\u00e9fait de constater que le gouvernement de la Colombie-Britannique a d\u00e9cid\u00e9 d&#8217;abaisser la barre de l&#8217;admissibilit\u00e9 au programme VZE CleanBC Go [&hellip;]","og_url":"https:\/\/emc-mec.ca\/fr\/article-de-nouvelles\/emc-reagit-a-la-decision-du-gouvernement-de-la-colombie-britannique-de-reduire-leligibilite-au-rabais-vze\/","og_site_name":"Mobilit\u00e9 Electrique Canada","article_modified_time":"2024-06-19T21:24:03+00:00","og_image":[{"width":1920,"height":1444,"url":"https:\/\/emc-mec.ca\/wp-content\/uploads\/2024\/06\/thumbnail_IMG_1923.jpg","type":"image\/jpeg"}],"twitter_card":"summary_large_image","twitter_misc":{"Dur\u00e9e de lecture estim\u00e9e":"2 minutes"},"schema":{"@context":"https:\/\/schema.org","@graph":[{"@type":"WebPage","@id":"https:\/\/emc-mec.ca\/fr\/article-de-nouvelles\/emc-reagit-a-la-decision-du-gouvernement-de-la-colombie-britannique-de-reduire-leligibilite-au-rabais-vze\/","url":"https:\/\/emc-mec.ca\/fr\/article-de-nouvelles\/emc-reagit-a-la-decision-du-gouvernement-de-la-colombie-britannique-de-reduire-leligibilite-au-rabais-vze\/","name":"MEC r\u00e9agit \u00e0 la d\u00e9cision du gouvernement de la Colombie-Britannique de r\u00e9duire l'\u00e9ligibilit\u00e9 au rabais VZE - Mobilit\u00e9 Electrique Canada","isPartOf":{"@id":"https:\/\/emc-mec.ca\/#website"},"primaryImageOfPage":{"@id":"https:\/\/emc-mec.ca\/fr\/article-de-nouvelles\/emc-reagit-a-la-decision-du-gouvernement-de-la-colombie-britannique-de-reduire-leligibilite-au-rabais-vze\/#primaryimage"},"image":{"@id":"https:\/\/emc-mec.ca\/fr\/article-de-nouvelles\/emc-reagit-a-la-decision-du-gouvernement-de-la-colombie-britannique-de-reduire-leligibilite-au-rabais-vze\/#primaryimage"},"thumbnailUrl":"https:\/\/emc-mec.ca\/wp-content\/uploads\/2024\/06\/thumbnail_IMG_1923.jpg","datePublished":"2024-06-19T13:58:59+00:00","dateModified":"2024-06-19T21:24:03+00:00","breadcrumb":{"@id":"https:\/\/emc-mec.ca\/fr\/article-de-nouvelles\/emc-reagit-a-la-decision-du-gouvernement-de-la-colombie-britannique-de-reduire-leligibilite-au-rabais-vze\/#breadcrumb"},"inLanguage":"fr-FR","potentialAction":[{"@type":"ReadAction","target":["https:\/\/emc-mec.ca\/fr\/article-de-nouvelles\/emc-reagit-a-la-decision-du-gouvernement-de-la-colombie-britannique-de-reduire-leligibilite-au-rabais-vze\/"]}]},{"@type":"ImageObject","inLanguage":"fr-FR","@id":"https:\/\/emc-mec.ca\/fr\/article-de-nouvelles\/emc-reagit-a-la-decision-du-gouvernement-de-la-colombie-britannique-de-reduire-leligibilite-au-rabais-vze\/#primaryimage","url":"https:\/\/emc-mec.ca\/wp-content\/uploads\/2024\/06\/thumbnail_IMG_1923.jpg","contentUrl":"https:\/\/emc-mec.ca\/wp-content\/uploads\/2024\/06\/thumbnail_IMG_1923.jpg","width":1920,"height":1444},{"@type":"BreadcrumbList","@id":"https:\/\/emc-mec.ca\/fr\/article-de-nouvelles\/emc-reagit-a-la-decision-du-gouvernement-de-la-colombie-britannique-de-reduire-leligibilite-au-rabais-vze\/#breadcrumb","itemListElement":[{"@type":"ListItem","position":1,"name":"Home","item":"https:\/\/emc-mec.ca\/fr\/"},{"@type":"ListItem","position":2,"name":"News","item":"https:\/\/emc-mec.ca\/fr\/article-de-nouvelles\/"},{"@type":"ListItem","position":3,"name":"MEC r\u00e9agit \u00e0 la d\u00e9cision du gouvernement de la Colombie-Britannique de r\u00e9duire l&#8217;\u00e9ligibilit\u00e9 au rabais VZE"}]},{"@type":"WebSite","@id":"https:\/\/emc-mec.ca\/#website","url":"https:\/\/emc-mec.ca\/","name":"Mobilit\u00e9 Electrique Canada","description":"Acc\u00e9l\u00e9rer l&#039;\u00e9lectrification des transports","potentialAction":[{"@type":"SearchAction","target":{"@type":"EntryPoint","urlTemplate":"https:\/\/emc-mec.ca\/?s={search_term_string}"},"query-input":{"@type":"PropertyValueSpecification","valueRequired":true,"valueName":"search_term_string"}}],"inLanguage":"fr-FR"}]}},"_links":{"self":[{"href":"https:\/\/emc-mec.ca\/fr\/wp-json\/wp\/v2\/news-post\/2949","targetHints":{"allow":["GET"]}}],"collection":[{"href":"https:\/\/emc-mec.ca\/fr\/wp-json\/wp\/v2\/news-post"}],"about":[{"href":"https:\/\/emc-mec.ca\/fr\/wp-json\/wp\/v2\/types\/news-post"}],"wp:featuredmedia":[{"embeddable":true,"href":"https:\/\/emc-mec.ca\/fr\/wp-json\/wp\/v2\/media\/2948"}],"wp:attachment":[{"href":"https:\/\/emc-mec.ca\/fr\/wp-json\/wp\/v2\/media?parent=2949"}],"wp:term":[{"taxonomy":"news-post-category","embeddable":true,"href":"https:\/\/emc-mec.ca\/fr\/wp-json\/wp\/v2\/news-post-category?post=2949"}],"curies":[{"name":"wp","href":"https:\/\/api.w.org\/{rel}","templated":true}]}}