{"id":2897,"date":"2024-05-06T13:34:45","date_gmt":"2024-05-06T17:34:45","guid":{"rendered":"https:\/\/emc-mec.ca\/?post_type=news-post&#038;p=2897"},"modified":"2024-05-06T13:41:32","modified_gmt":"2024-05-06T17:41:32","slug":"mobilite-electrique-canada-electricite-canada-et-electro-federation-canada-unissent-leurs-forces-pour-former-le-groupe-de-travail-de-linfrastructure-au-reseau","status":"publish","type":"news-post","link":"https:\/\/emc-mec.ca\/fr\/article-de-nouvelles\/mobilite-electrique-canada-electricite-canada-et-electro-federation-canada-unissent-leurs-forces-pour-former-le-groupe-de-travail-de-linfrastructure-au-reseau\/","title":{"rendered":"Mobilit\u00e9 \u00e9lectrique Canada, \u00c9lectricit\u00e9 Canada et \u00c9lectro-F\u00e9d\u00e9ration Canada unissent leurs forces pour former le Groupe de travail de l\u2019infrastructure au r\u00e9seau"},"content":{"rendered":"<p>MONTR\u00c9AL &#8211; Mobilit\u00e9 \u00e9lectrique Canada (MEC) a le plaisir d&#8217;annoncer la cr\u00e9ation du Groupe de travail de l&#8217;Infrastructure au r\u00e9seau, un groupe form\u00e9 sous l&#8217;\u00e9gide du <a href=\"https:\/\/tc.canada.ca\/fr\/transport-routier\/technologies-novatrices\/vehicules-zero-emission\/conseil-vehicules-zero-emission-vze-canada\">Conseil des v\u00e9hicules z\u00e9ro \u00e9mission (VZE) du Canada<\/a>. En partenariat avec \u00c9lectricit\u00e9 Canada et \u00c9lectro-F\u00e9d\u00e9ration Canada, ce groupe vise \u00e0 faciliter la collaboration entre les fournisseurs d&#8217;infrastructures de recharge et les services publics.<\/p>\n<p>Les membres \u00e9changeront des informations pr\u00e9cieuses, notamment des donn\u00e9es scientifiques et \u00e9nerg\u00e9tiques cl\u00e9s, ainsi que des strat\u00e9gies politiques qui aideront \u00e0 r\u00e9pondre \u00e0 des questions importantes pendant la transition du Canada vers le transport \u00e9lectrique. Cette collecte d&#8217;informations permettra de r\u00e9pondre \u00e0 des questions telles que : Quelle quantit\u00e9 d&#8217;\u00e9lectricit\u00e9 est n\u00e9cessaire pour faire fonctionner ces bornes de recharge ? Comment cette \u00e9lectricit\u00e9 sera-t-elle fournie ? Quel type d&#8217;infrastructure est n\u00e9cessaire pour un r\u00e9seau durable ? Comment la cha\u00eene d&#8217;approvisionnement peut-elle collaborer avec les services publics pour s&#8217;assurer que nous respectons les d\u00e9lais fix\u00e9s par le Canada ? \u00ab MEC est fier de diriger ce groupe. Cette collaboration est essentielle pour cr\u00e9er une transition transparente vers la mobilit\u00e9 \u00e9lectrique \u00bb, d\u00e9clare Daniel Breton, pr\u00e9sident et directeur g\u00e9n\u00e9ral de MEC.<\/p>\n<p>Carol McGlogan, pr\u00e9sidente-directrice g\u00e9n\u00e9rale de l&#8217;\u00c9lectro f\u00e9d\u00e9ration Canada, ajoute : \u00ab EFC se r\u00e9jouit de participer au groupe de \u00a0travail de l\u2019Infrastructure au r\u00e9seau du Conseil des VZE du Canada. Les membres d\u2019EFC repr\u00e9sentent la cha\u00eene d&#8217;approvisionnement et les experts en technologie pour les VE et l&#8217;infrastructure du r\u00e9seau. Nous consid\u00e9rons cette collaboration comme un acc\u00e9l\u00e9rateur cl\u00e9 pour atteindre les cibles de la norme VZE du Canada \u00bb. Le partenariat entre les trois organisations permettra d&#8217;am\u00e9liorer l&#8217;efficacit\u00e9 du partage de l&#8217;information, un \u00e9l\u00e9ment essentiel pour acc\u00e9l\u00e9rer l&#8217;adoption des v\u00e9hicules \u00e9lectriques. \u00ab Nous sommes \u00e0 l&#8217;aube de l&#8217;une des transitions les plus importantes au Canada, alors qu&#8217;un nombre croissant de personnes se tournent vers les v\u00e9hicules \u00e0 z\u00e9ro \u00e9mission. Les donn\u00e9es seront essentielles \u00e0 cette transition pour r\u00e9duire l&#8217;incertitude et am\u00e9liorer notre compr\u00e9hension de ce que nous devons faire pour que les choses fonctionnent. Le groupe de travail de l\u2019Infrastructure au r\u00e9seau, y contribuera \u00bb, d\u00e9clare Francis Bradley, pr\u00e9sident-directeur g\u00e9n\u00e9ral d&#8217;\u00c9lectricit\u00e9 Canada.<\/p>\n<p>Il reste encore beaucoup \u00e0 faire avant que le Canada puisse atteindre ses objectifs en mati\u00e8re de v\u00e9hicules \u00e9lectriques sans \u00e9missions, mais des partenariats comme celui-ci permettront \u00e0 notre pays d&#8217;y parvenir.<\/p>\n<p style=\"text-align: center;\">-30-<\/p>\n","protected":false},"excerpt":{"rendered":"<p>Mobilit\u00e9 \u00e9lectrique Canada (MEC) a le plaisir d&#8217;annoncer la cr\u00e9ation du Groupe de travail de l&#8217;Infrastructure au r\u00e9seau, un groupe form\u00e9 sous l&#8217;\u00e9gide du Conseil des v\u00e9hicules z\u00e9ro \u00e9mission (VZE) du Canada.<\/p>\n","protected":false},"featured_media":2896,"menu_order":0,"template":"","meta":{"_acf_changed":false,"_monsterinsights_skip_tracking":false,"_monsterinsights_sitenote_active":false,"_monsterinsights_sitenote_note":"","_monsterinsights_sitenote_category":0},"news-post-category":[58,51,50],"class_list":["post-2897","news-post","type-news-post","status-publish","has-post-thumbnail","hentry","news-post-category-emc-news-release-fr","news-post-category-faits-saillants","news-post-category-nouvelles-sur-les-ve"],"acf":[],"yoast_head":"<!-- This site is optimized with the Yoast SEO plugin v27.4 - https:\/\/yoast.com\/product\/yoast-seo-wordpress\/ -->\n<title>Mobilit\u00e9 \u00e9lectrique Canada, \u00c9lectricit\u00e9 Canada et \u00c9lectro-F\u00e9d\u00e9ration Canada unissent leurs forces pour former le Groupe de travail de l\u2019infrastructure au r\u00e9seau - Mobilit\u00e9 Electrique Canada<\/title>\n<meta name=\"robots\" content=\"index, follow, max-snippet:-1, max-image-preview:large, max-video-preview:-1\" \/>\n<link rel=\"canonical\" href=\"https:\/\/emc-mec.ca\/fr\/article-de-nouvelles\/mobilite-electrique-canada-electricite-canada-et-electro-federation-canada-unissent-leurs-forces-pour-former-le-groupe-de-travail-de-linfrastructure-au-reseau\/\" \/>\n<meta property=\"og:locale\" content=\"fr_FR\" \/>\n<meta property=\"og:type\" content=\"article\" \/>\n<meta property=\"og:title\" content=\"Mobilit\u00e9 \u00e9lectrique Canada, \u00c9lectricit\u00e9 Canada et \u00c9lectro-F\u00e9d\u00e9ration Canada unissent leurs forces pour former le Groupe de travail de l\u2019infrastructure au r\u00e9seau - Mobilit\u00e9 Electrique Canada\" \/>\n<meta property=\"og:description\" content=\"Mobilit\u00e9 \u00e9lectrique Canada (MEC) a le plaisir d&#039;annoncer la cr\u00e9ation du Groupe de travail de l&#039;Infrastructure au r\u00e9seau, un groupe form\u00e9 sous l&#039;\u00e9gide du Conseil des v\u00e9hicules z\u00e9ro \u00e9mission (VZE) du Canada.\" \/>\n<meta property=\"og:url\" content=\"https:\/\/emc-mec.ca\/fr\/article-de-nouvelles\/mobilite-electrique-canada-electricite-canada-et-electro-federation-canada-unissent-leurs-forces-pour-former-le-groupe-de-travail-de-linfrastructure-au-reseau\/\" \/>\n<meta property=\"og:site_name\" content=\"Mobilit\u00e9 Electrique Canada\" \/>\n<meta property=\"article:modified_time\" content=\"2024-05-06T17:41:32+00:00\" \/>\n<meta property=\"og:image\" content=\"https:\/\/emc-mec.ca\/wp-content\/uploads\/2024\/05\/Untitled-design-2.png\" \/>\n\t<meta property=\"og:image:width\" content=\"1800\" \/>\n\t<meta property=\"og:image:height\" content=\"1200\" \/>\n\t<meta property=\"og:image:type\" content=\"image\/png\" \/>\n<meta name=\"twitter:card\" content=\"summary_large_image\" \/>\n<meta name=\"twitter:label1\" content=\"Dur\u00e9e de lecture estim\u00e9e\" \/>\n\t<meta name=\"twitter:data1\" content=\"2 minutes\" \/>\n<script type=\"application\/ld+json\" class=\"yoast-schema-graph\">{\"@context\":\"https:\\\/\\\/schema.org\",\"@graph\":[{\"@type\":\"WebPage\",\"@id\":\"https:\\\/\\\/emc-mec.ca\\\/fr\\\/article-de-nouvelles\\\/mobilite-electrique-canada-electricite-canada-et-electro-federation-canada-unissent-leurs-forces-pour-former-le-groupe-de-travail-de-linfrastructure-au-reseau\\\/\",\"url\":\"https:\\\/\\\/emc-mec.ca\\\/fr\\\/article-de-nouvelles\\\/mobilite-electrique-canada-electricite-canada-et-electro-federation-canada-unissent-leurs-forces-pour-former-le-groupe-de-travail-de-linfrastructure-au-reseau\\\/\",\"name\":\"Mobilit\u00e9 \u00e9lectrique Canada, \u00c9lectricit\u00e9 Canada et \u00c9lectro-F\u00e9d\u00e9ration Canada unissent leurs forces pour former le Groupe de travail de l\u2019infrastructure au r\u00e9seau - Mobilit\u00e9 Electrique Canada\",\"isPartOf\":{\"@id\":\"https:\\\/\\\/emc-mec.ca\\\/#website\"},\"primaryImageOfPage\":{\"@id\":\"https:\\\/\\\/emc-mec.ca\\\/fr\\\/article-de-nouvelles\\\/mobilite-electrique-canada-electricite-canada-et-electro-federation-canada-unissent-leurs-forces-pour-former-le-groupe-de-travail-de-linfrastructure-au-reseau\\\/#primaryimage\"},\"image\":{\"@id\":\"https:\\\/\\\/emc-mec.ca\\\/fr\\\/article-de-nouvelles\\\/mobilite-electrique-canada-electricite-canada-et-electro-federation-canada-unissent-leurs-forces-pour-former-le-groupe-de-travail-de-linfrastructure-au-reseau\\\/#primaryimage\"},\"thumbnailUrl\":\"https:\\\/\\\/emc-mec.ca\\\/wp-content\\\/uploads\\\/2024\\\/05\\\/Untitled-design-2.png\",\"datePublished\":\"2024-05-06T17:34:45+00:00\",\"dateModified\":\"2024-05-06T17:41:32+00:00\",\"breadcrumb\":{\"@id\":\"https:\\\/\\\/emc-mec.ca\\\/fr\\\/article-de-nouvelles\\\/mobilite-electrique-canada-electricite-canada-et-electro-federation-canada-unissent-leurs-forces-pour-former-le-groupe-de-travail-de-linfrastructure-au-reseau\\\/#breadcrumb\"},\"inLanguage\":\"fr-FR\",\"potentialAction\":[{\"@type\":\"ReadAction\",\"target\":[\"https:\\\/\\\/emc-mec.ca\\\/fr\\\/article-de-nouvelles\\\/mobilite-electrique-canada-electricite-canada-et-electro-federation-canada-unissent-leurs-forces-pour-former-le-groupe-de-travail-de-linfrastructure-au-reseau\\\/\"]}]},{\"@type\":\"ImageObject\",\"inLanguage\":\"fr-FR\",\"@id\":\"https:\\\/\\\/emc-mec.ca\\\/fr\\\/article-de-nouvelles\\\/mobilite-electrique-canada-electricite-canada-et-electro-federation-canada-unissent-leurs-forces-pour-former-le-groupe-de-travail-de-linfrastructure-au-reseau\\\/#primaryimage\",\"url\":\"https:\\\/\\\/emc-mec.ca\\\/wp-content\\\/uploads\\\/2024\\\/05\\\/Untitled-design-2.png\",\"contentUrl\":\"https:\\\/\\\/emc-mec.ca\\\/wp-content\\\/uploads\\\/2024\\\/05\\\/Untitled-design-2.png\",\"width\":1800,\"height\":1200},{\"@type\":\"BreadcrumbList\",\"@id\":\"https:\\\/\\\/emc-mec.ca\\\/fr\\\/article-de-nouvelles\\\/mobilite-electrique-canada-electricite-canada-et-electro-federation-canada-unissent-leurs-forces-pour-former-le-groupe-de-travail-de-linfrastructure-au-reseau\\\/#breadcrumb\",\"itemListElement\":[{\"@type\":\"ListItem\",\"position\":1,\"name\":\"Home\",\"item\":\"https:\\\/\\\/emc-mec.ca\\\/fr\\\/\"},{\"@type\":\"ListItem\",\"position\":2,\"name\":\"News\",\"item\":\"https:\\\/\\\/emc-mec.ca\\\/fr\\\/article-de-nouvelles\\\/\"},{\"@type\":\"ListItem\",\"position\":3,\"name\":\"Mobilit\u00e9 \u00e9lectrique Canada, \u00c9lectricit\u00e9 Canada et \u00c9lectro-F\u00e9d\u00e9ration Canada unissent leurs forces pour former le Groupe de travail de l\u2019infrastructure au r\u00e9seau\"}]},{\"@type\":\"WebSite\",\"@id\":\"https:\\\/\\\/emc-mec.ca\\\/#website\",\"url\":\"https:\\\/\\\/emc-mec.ca\\\/\",\"name\":\"Mobilit\u00e9 Electrique Canada\",\"description\":\"Acc\u00e9l\u00e9rer l&#039;\u00e9lectrification des transports\",\"potentialAction\":[{\"@type\":\"SearchAction\",\"target\":{\"@type\":\"EntryPoint\",\"urlTemplate\":\"https:\\\/\\\/emc-mec.ca\\\/?s={search_term_string}\"},\"query-input\":{\"@type\":\"PropertyValueSpecification\",\"valueRequired\":true,\"valueName\":\"search_term_string\"}}],\"inLanguage\":\"fr-FR\"}]}<\/script>\n<!-- \/ Yoast SEO plugin. -->","yoast_head_json":{"title":"Mobilit\u00e9 \u00e9lectrique Canada, \u00c9lectricit\u00e9 Canada et \u00c9lectro-F\u00e9d\u00e9ration Canada unissent leurs forces pour former le Groupe de travail de l\u2019infrastructure au r\u00e9seau - Mobilit\u00e9 Electrique Canada","robots":{"index":"index","follow":"follow","max-snippet":"max-snippet:-1","max-image-preview":"max-image-preview:large","max-video-preview":"max-video-preview:-1"},"canonical":"https:\/\/emc-mec.ca\/fr\/article-de-nouvelles\/mobilite-electrique-canada-electricite-canada-et-electro-federation-canada-unissent-leurs-forces-pour-former-le-groupe-de-travail-de-linfrastructure-au-reseau\/","og_locale":"fr_FR","og_type":"article","og_title":"Mobilit\u00e9 \u00e9lectrique Canada, \u00c9lectricit\u00e9 Canada et \u00c9lectro-F\u00e9d\u00e9ration Canada unissent leurs forces pour former le Groupe de travail de l\u2019infrastructure au r\u00e9seau - Mobilit\u00e9 Electrique Canada","og_description":"Mobilit\u00e9 \u00e9lectrique Canada (MEC) a le plaisir d'annoncer la cr\u00e9ation du Groupe de travail de l'Infrastructure au r\u00e9seau, un groupe form\u00e9 sous l'\u00e9gide du Conseil des v\u00e9hicules z\u00e9ro \u00e9mission (VZE) du Canada.","og_url":"https:\/\/emc-mec.ca\/fr\/article-de-nouvelles\/mobilite-electrique-canada-electricite-canada-et-electro-federation-canada-unissent-leurs-forces-pour-former-le-groupe-de-travail-de-linfrastructure-au-reseau\/","og_site_name":"Mobilit\u00e9 Electrique Canada","article_modified_time":"2024-05-06T17:41:32+00:00","og_image":[{"width":1800,"height":1200,"url":"https:\/\/emc-mec.ca\/wp-content\/uploads\/2024\/05\/Untitled-design-2.png","type":"image\/png"}],"twitter_card":"summary_large_image","twitter_misc":{"Dur\u00e9e de lecture estim\u00e9e":"2 minutes"},"schema":{"@context":"https:\/\/schema.org","@graph":[{"@type":"WebPage","@id":"https:\/\/emc-mec.ca\/fr\/article-de-nouvelles\/mobilite-electrique-canada-electricite-canada-et-electro-federation-canada-unissent-leurs-forces-pour-former-le-groupe-de-travail-de-linfrastructure-au-reseau\/","url":"https:\/\/emc-mec.ca\/fr\/article-de-nouvelles\/mobilite-electrique-canada-electricite-canada-et-electro-federation-canada-unissent-leurs-forces-pour-former-le-groupe-de-travail-de-linfrastructure-au-reseau\/","name":"Mobilit\u00e9 \u00e9lectrique Canada, \u00c9lectricit\u00e9 Canada et \u00c9lectro-F\u00e9d\u00e9ration Canada unissent leurs forces pour former le Groupe de travail de l\u2019infrastructure au r\u00e9seau - Mobilit\u00e9 Electrique Canada","isPartOf":{"@id":"https:\/\/emc-mec.ca\/#website"},"primaryImageOfPage":{"@id":"https:\/\/emc-mec.ca\/fr\/article-de-nouvelles\/mobilite-electrique-canada-electricite-canada-et-electro-federation-canada-unissent-leurs-forces-pour-former-le-groupe-de-travail-de-linfrastructure-au-reseau\/#primaryimage"},"image":{"@id":"https:\/\/emc-mec.ca\/fr\/article-de-nouvelles\/mobilite-electrique-canada-electricite-canada-et-electro-federation-canada-unissent-leurs-forces-pour-former-le-groupe-de-travail-de-linfrastructure-au-reseau\/#primaryimage"},"thumbnailUrl":"https:\/\/emc-mec.ca\/wp-content\/uploads\/2024\/05\/Untitled-design-2.png","datePublished":"2024-05-06T17:34:45+00:00","dateModified":"2024-05-06T17:41:32+00:00","breadcrumb":{"@id":"https:\/\/emc-mec.ca\/fr\/article-de-nouvelles\/mobilite-electrique-canada-electricite-canada-et-electro-federation-canada-unissent-leurs-forces-pour-former-le-groupe-de-travail-de-linfrastructure-au-reseau\/#breadcrumb"},"inLanguage":"fr-FR","potentialAction":[{"@type":"ReadAction","target":["https:\/\/emc-mec.ca\/fr\/article-de-nouvelles\/mobilite-electrique-canada-electricite-canada-et-electro-federation-canada-unissent-leurs-forces-pour-former-le-groupe-de-travail-de-linfrastructure-au-reseau\/"]}]},{"@type":"ImageObject","inLanguage":"fr-FR","@id":"https:\/\/emc-mec.ca\/fr\/article-de-nouvelles\/mobilite-electrique-canada-electricite-canada-et-electro-federation-canada-unissent-leurs-forces-pour-former-le-groupe-de-travail-de-linfrastructure-au-reseau\/#primaryimage","url":"https:\/\/emc-mec.ca\/wp-content\/uploads\/2024\/05\/Untitled-design-2.png","contentUrl":"https:\/\/emc-mec.ca\/wp-content\/uploads\/2024\/05\/Untitled-design-2.png","width":1800,"height":1200},{"@type":"BreadcrumbList","@id":"https:\/\/emc-mec.ca\/fr\/article-de-nouvelles\/mobilite-electrique-canada-electricite-canada-et-electro-federation-canada-unissent-leurs-forces-pour-former-le-groupe-de-travail-de-linfrastructure-au-reseau\/#breadcrumb","itemListElement":[{"@type":"ListItem","position":1,"name":"Home","item":"https:\/\/emc-mec.ca\/fr\/"},{"@type":"ListItem","position":2,"name":"News","item":"https:\/\/emc-mec.ca\/fr\/article-de-nouvelles\/"},{"@type":"ListItem","position":3,"name":"Mobilit\u00e9 \u00e9lectrique Canada, \u00c9lectricit\u00e9 Canada et \u00c9lectro-F\u00e9d\u00e9ration Canada unissent leurs forces pour former le Groupe de travail de l\u2019infrastructure au r\u00e9seau"}]},{"@type":"WebSite","@id":"https:\/\/emc-mec.ca\/#website","url":"https:\/\/emc-mec.ca\/","name":"Mobilit\u00e9 Electrique Canada","description":"Acc\u00e9l\u00e9rer l&#039;\u00e9lectrification des transports","potentialAction":[{"@type":"SearchAction","target":{"@type":"EntryPoint","urlTemplate":"https:\/\/emc-mec.ca\/?s={search_term_string}"},"query-input":{"@type":"PropertyValueSpecification","valueRequired":true,"valueName":"search_term_string"}}],"inLanguage":"fr-FR"}]}},"_links":{"self":[{"href":"https:\/\/emc-mec.ca\/fr\/wp-json\/wp\/v2\/news-post\/2897","targetHints":{"allow":["GET"]}}],"collection":[{"href":"https:\/\/emc-mec.ca\/fr\/wp-json\/wp\/v2\/news-post"}],"about":[{"href":"https:\/\/emc-mec.ca\/fr\/wp-json\/wp\/v2\/types\/news-post"}],"wp:featuredmedia":[{"embeddable":true,"href":"https:\/\/emc-mec.ca\/fr\/wp-json\/wp\/v2\/media\/2896"}],"wp:attachment":[{"href":"https:\/\/emc-mec.ca\/fr\/wp-json\/wp\/v2\/media?parent=2897"}],"wp:term":[{"taxonomy":"news-post-category","embeddable":true,"href":"https:\/\/emc-mec.ca\/fr\/wp-json\/wp\/v2\/news-post-category?post=2897"}],"curies":[{"name":"wp","href":"https:\/\/api.w.org\/{rel}","templated":true}]}}