{"id":2877,"date":"2024-04-30T17:06:01","date_gmt":"2024-04-30T21:06:01","guid":{"rendered":"https:\/\/emc-mec.ca\/?post_type=news-post&#038;p=2877"},"modified":"2024-05-08T22:05:43","modified_gmt":"2024-05-09T02:05:43","slug":"annonce-de-la-reunion-annuelle-des-membres-de-mobilite-electrique-canada-mec","status":"publish","type":"news-post","link":"https:\/\/emc-mec.ca\/fr\/article-de-nouvelles\/annonce-de-la-reunion-annuelle-des-membres-de-mobilite-electrique-canada-mec\/","title":{"rendered":"ANNONCE DE LA R\u00c9UNION ANNUELLE DES MEMBRES DE MOBILIT\u00c9 \u00c9LECTRIQUE CANADA (MEC)"},"content":{"rendered":"<p><strong>VEUILLEZ PRENDRE NOTE<\/strong> que la r\u00e9union annuelle des membres de <strong>MOBILIT\u00c9 \u00c9LECTRIQUE CANADA (M\u00c9C)<\/strong> se fera \u00e9lectroniquement par le biais d\u2019une r\u00e9union virtuelle le 23 mai 2024 de 14h00 \u00e0 15h30, heure normale de l\u2019Est (HNE), afin de couvrir les \u00e9l\u00e9ments suivants :<\/p>\n<p>(a) recevoir le bilan financier de la Corporation pour la p\u00e9riode fiscale terminant le 31 d\u00e9cembre 2023, ainsi que le rapport de l\u2019expert-comptable \u00e0 ce sujet;<\/p>\n<p>(b) \u00e9lire les directeurs de la Corporation ;<\/p>\n<p>(c) nommer Kriens-Larose, LLP en tant qu&#8217;auditeur de la Corporation pour un mandat allant jusqu&#8217;\u00e0 la cl\u00f4ture de la prochaine assembl\u00e9e g\u00e9n\u00e9rale annuelle des membres, et autoriser les administrateurs \u00e0 fixer la r\u00e9mun\u00e9ration de l&#8217;auditeur pour cette p\u00e9riode;<\/p>\n<p>(d) examiner et, s&#8217;il y a lieu, adopter une r\u00e9solution sp\u00e9ciale, ci-jointe \u00e0 titre d&#8217;annexe A, visant \u00e0 approuver le r\u00e8glement modificateur no 1, ci-joint \u00e0 titre d&#8217;annexe B, visant \u00e0 modifier le r\u00e8glement g\u00e9n\u00e9ral d&#8217;exploitation no 2 ;<\/p>\n<p>(e) informer les membres des activit\u00e9s de l\u2019association ;<\/p>\n<p>(f) traiter toute autre question qui pourrait \u00eatre soumise \u00e0 l\u2019assembl\u00e9e ou \u00e0 tout ajournement de celle-ci.<\/p>\n<p><strong>Des informations suppl\u00e9mentaires seront envoy\u00e9es par courriel \u00e0 tous les membres \u00e9ligibles en r\u00e8gle qui d\u00e9tiennent un droit de vote.<\/strong><\/p>\n<p>&nbsp;<\/p>\n","protected":false},"excerpt":{"rendered":"<p>La r\u00e9union annuelle des membres de MOBILIT\u00c9 \u00c9LECTRIQUE CANADA (M\u00c9C) se fera par le biais d\u2019une r\u00e9union virtuelle le 23 mai 2024 de 14 heures \u00e0 15h30 heures.<\/p>\n","protected":false},"featured_media":0,"menu_order":0,"template":"","meta":{"_acf_changed":false,"_monsterinsights_skip_tracking":false,"_monsterinsights_sitenote_active":false,"_monsterinsights_sitenote_note":"","_monsterinsights_sitenote_category":0},"news-post-category":[],"class_list":["post-2877","news-post","type-news-post","status-publish","hentry"],"acf":[],"yoast_head":"<!-- This site is optimized with the Yoast SEO plugin v27.4 - https:\/\/yoast.com\/product\/yoast-seo-wordpress\/ -->\n<title>ANNONCE DE LA R\u00c9UNION ANNUELLE DES MEMBRES DE MOBILIT\u00c9 \u00c9LECTRIQUE CANADA (MEC) - Mobilit\u00e9 Electrique Canada<\/title>\n<meta name=\"robots\" content=\"index, follow, max-snippet:-1, max-image-preview:large, max-video-preview:-1\" \/>\n<link rel=\"canonical\" href=\"https:\/\/emc-mec.ca\/fr\/article-de-nouvelles\/annonce-de-la-reunion-annuelle-des-membres-de-mobilite-electrique-canada-mec\/\" \/>\n<meta property=\"og:locale\" content=\"fr_FR\" \/>\n<meta property=\"og:type\" content=\"article\" \/>\n<meta property=\"og:title\" content=\"ANNONCE DE LA R\u00c9UNION ANNUELLE DES MEMBRES DE MOBILIT\u00c9 \u00c9LECTRIQUE CANADA (MEC) - Mobilit\u00e9 Electrique Canada\" \/>\n<meta property=\"og:description\" content=\"La r\u00e9union annuelle des membres de MOBILIT\u00c9 \u00c9LECTRIQUE CANADA (M\u00c9C) se fera par le biais d\u2019une r\u00e9union virtuelle le 23 mai 2024 de 14 heures \u00e0 15h30 heures.\" \/>\n<meta property=\"og:url\" content=\"https:\/\/emc-mec.ca\/fr\/article-de-nouvelles\/annonce-de-la-reunion-annuelle-des-membres-de-mobilite-electrique-canada-mec\/\" \/>\n<meta property=\"og:site_name\" content=\"Mobilit\u00e9 Electrique Canada\" \/>\n<meta property=\"article:modified_time\" content=\"2024-05-09T02:05:43+00:00\" \/>\n<meta name=\"twitter:card\" content=\"summary_large_image\" \/>\n<meta name=\"twitter:label1\" content=\"Dur\u00e9e de lecture estim\u00e9e\" \/>\n\t<meta name=\"twitter:data1\" content=\"1 minute\" \/>\n<script type=\"application\/ld+json\" class=\"yoast-schema-graph\">{\"@context\":\"https:\\\/\\\/schema.org\",\"@graph\":[{\"@type\":\"WebPage\",\"@id\":\"https:\\\/\\\/emc-mec.ca\\\/fr\\\/article-de-nouvelles\\\/annonce-de-la-reunion-annuelle-des-membres-de-mobilite-electrique-canada-mec\\\/\",\"url\":\"https:\\\/\\\/emc-mec.ca\\\/fr\\\/article-de-nouvelles\\\/annonce-de-la-reunion-annuelle-des-membres-de-mobilite-electrique-canada-mec\\\/\",\"name\":\"ANNONCE DE LA R\u00c9UNION ANNUELLE DES MEMBRES DE MOBILIT\u00c9 \u00c9LECTRIQUE CANADA (MEC) - Mobilit\u00e9 Electrique Canada\",\"isPartOf\":{\"@id\":\"https:\\\/\\\/emc-mec.ca\\\/#website\"},\"datePublished\":\"2024-04-30T21:06:01+00:00\",\"dateModified\":\"2024-05-09T02:05:43+00:00\",\"breadcrumb\":{\"@id\":\"https:\\\/\\\/emc-mec.ca\\\/fr\\\/article-de-nouvelles\\\/annonce-de-la-reunion-annuelle-des-membres-de-mobilite-electrique-canada-mec\\\/#breadcrumb\"},\"inLanguage\":\"fr-FR\",\"potentialAction\":[{\"@type\":\"ReadAction\",\"target\":[\"https:\\\/\\\/emc-mec.ca\\\/fr\\\/article-de-nouvelles\\\/annonce-de-la-reunion-annuelle-des-membres-de-mobilite-electrique-canada-mec\\\/\"]}]},{\"@type\":\"BreadcrumbList\",\"@id\":\"https:\\\/\\\/emc-mec.ca\\\/fr\\\/article-de-nouvelles\\\/annonce-de-la-reunion-annuelle-des-membres-de-mobilite-electrique-canada-mec\\\/#breadcrumb\",\"itemListElement\":[{\"@type\":\"ListItem\",\"position\":1,\"name\":\"Home\",\"item\":\"https:\\\/\\\/emc-mec.ca\\\/fr\\\/\"},{\"@type\":\"ListItem\",\"position\":2,\"name\":\"News\",\"item\":\"https:\\\/\\\/emc-mec.ca\\\/fr\\\/article-de-nouvelles\\\/\"},{\"@type\":\"ListItem\",\"position\":3,\"name\":\"ANNONCE DE LA R\u00c9UNION ANNUELLE DES MEMBRES DE MOBILIT\u00c9 \u00c9LECTRIQUE CANADA (MEC)\"}]},{\"@type\":\"WebSite\",\"@id\":\"https:\\\/\\\/emc-mec.ca\\\/#website\",\"url\":\"https:\\\/\\\/emc-mec.ca\\\/\",\"name\":\"Mobilit\u00e9 Electrique Canada\",\"description\":\"Acc\u00e9l\u00e9rer l&#039;\u00e9lectrification des transports\",\"potentialAction\":[{\"@type\":\"SearchAction\",\"target\":{\"@type\":\"EntryPoint\",\"urlTemplate\":\"https:\\\/\\\/emc-mec.ca\\\/?s={search_term_string}\"},\"query-input\":{\"@type\":\"PropertyValueSpecification\",\"valueRequired\":true,\"valueName\":\"search_term_string\"}}],\"inLanguage\":\"fr-FR\"}]}<\/script>\n<!-- \/ Yoast SEO plugin. -->","yoast_head_json":{"title":"ANNONCE DE LA R\u00c9UNION ANNUELLE DES MEMBRES DE MOBILIT\u00c9 \u00c9LECTRIQUE CANADA (MEC) - Mobilit\u00e9 Electrique Canada","robots":{"index":"index","follow":"follow","max-snippet":"max-snippet:-1","max-image-preview":"max-image-preview:large","max-video-preview":"max-video-preview:-1"},"canonical":"https:\/\/emc-mec.ca\/fr\/article-de-nouvelles\/annonce-de-la-reunion-annuelle-des-membres-de-mobilite-electrique-canada-mec\/","og_locale":"fr_FR","og_type":"article","og_title":"ANNONCE DE LA R\u00c9UNION ANNUELLE DES MEMBRES DE MOBILIT\u00c9 \u00c9LECTRIQUE CANADA (MEC) - Mobilit\u00e9 Electrique Canada","og_description":"La r\u00e9union annuelle des membres de MOBILIT\u00c9 \u00c9LECTRIQUE CANADA (M\u00c9C) se fera par le biais d\u2019une r\u00e9union virtuelle le 23 mai 2024 de 14 heures \u00e0 15h30 heures.","og_url":"https:\/\/emc-mec.ca\/fr\/article-de-nouvelles\/annonce-de-la-reunion-annuelle-des-membres-de-mobilite-electrique-canada-mec\/","og_site_name":"Mobilit\u00e9 Electrique Canada","article_modified_time":"2024-05-09T02:05:43+00:00","twitter_card":"summary_large_image","twitter_misc":{"Dur\u00e9e de lecture estim\u00e9e":"1 minute"},"schema":{"@context":"https:\/\/schema.org","@graph":[{"@type":"WebPage","@id":"https:\/\/emc-mec.ca\/fr\/article-de-nouvelles\/annonce-de-la-reunion-annuelle-des-membres-de-mobilite-electrique-canada-mec\/","url":"https:\/\/emc-mec.ca\/fr\/article-de-nouvelles\/annonce-de-la-reunion-annuelle-des-membres-de-mobilite-electrique-canada-mec\/","name":"ANNONCE DE LA R\u00c9UNION ANNUELLE DES MEMBRES DE MOBILIT\u00c9 \u00c9LECTRIQUE CANADA (MEC) - Mobilit\u00e9 Electrique Canada","isPartOf":{"@id":"https:\/\/emc-mec.ca\/#website"},"datePublished":"2024-04-30T21:06:01+00:00","dateModified":"2024-05-09T02:05:43+00:00","breadcrumb":{"@id":"https:\/\/emc-mec.ca\/fr\/article-de-nouvelles\/annonce-de-la-reunion-annuelle-des-membres-de-mobilite-electrique-canada-mec\/#breadcrumb"},"inLanguage":"fr-FR","potentialAction":[{"@type":"ReadAction","target":["https:\/\/emc-mec.ca\/fr\/article-de-nouvelles\/annonce-de-la-reunion-annuelle-des-membres-de-mobilite-electrique-canada-mec\/"]}]},{"@type":"BreadcrumbList","@id":"https:\/\/emc-mec.ca\/fr\/article-de-nouvelles\/annonce-de-la-reunion-annuelle-des-membres-de-mobilite-electrique-canada-mec\/#breadcrumb","itemListElement":[{"@type":"ListItem","position":1,"name":"Home","item":"https:\/\/emc-mec.ca\/fr\/"},{"@type":"ListItem","position":2,"name":"News","item":"https:\/\/emc-mec.ca\/fr\/article-de-nouvelles\/"},{"@type":"ListItem","position":3,"name":"ANNONCE DE LA R\u00c9UNION ANNUELLE DES MEMBRES DE MOBILIT\u00c9 \u00c9LECTRIQUE CANADA (MEC)"}]},{"@type":"WebSite","@id":"https:\/\/emc-mec.ca\/#website","url":"https:\/\/emc-mec.ca\/","name":"Mobilit\u00e9 Electrique Canada","description":"Acc\u00e9l\u00e9rer l&#039;\u00e9lectrification des transports","potentialAction":[{"@type":"SearchAction","target":{"@type":"EntryPoint","urlTemplate":"https:\/\/emc-mec.ca\/?s={search_term_string}"},"query-input":{"@type":"PropertyValueSpecification","valueRequired":true,"valueName":"search_term_string"}}],"inLanguage":"fr-FR"}]}},"_links":{"self":[{"href":"https:\/\/emc-mec.ca\/fr\/wp-json\/wp\/v2\/news-post\/2877","targetHints":{"allow":["GET"]}}],"collection":[{"href":"https:\/\/emc-mec.ca\/fr\/wp-json\/wp\/v2\/news-post"}],"about":[{"href":"https:\/\/emc-mec.ca\/fr\/wp-json\/wp\/v2\/types\/news-post"}],"wp:attachment":[{"href":"https:\/\/emc-mec.ca\/fr\/wp-json\/wp\/v2\/media?parent=2877"}],"wp:term":[{"taxonomy":"news-post-category","embeddable":true,"href":"https:\/\/emc-mec.ca\/fr\/wp-json\/wp\/v2\/news-post-category?post=2877"}],"curies":[{"name":"wp","href":"https:\/\/api.w.org\/{rel}","templated":true}]}}