{"id":2873,"date":"2024-04-25T13:32:42","date_gmt":"2024-04-25T17:32:42","guid":{"rendered":"https:\/\/emc-mec.ca\/?post_type=news-post&#038;p=2873"},"modified":"2024-04-25T13:35:57","modified_gmt":"2024-04-25T17:35:57","slug":"mobilite-electrique-canada-celebre-linvestissement-historique-de-15-milliards-de-dollars-de-honda-canada-et-le-considere-comme-une-etape-importante-dans-lavancement-du-transport-electrique","status":"publish","type":"news-post","link":"https:\/\/emc-mec.ca\/fr\/article-de-nouvelles\/mobilite-electrique-canada-celebre-linvestissement-historique-de-15-milliards-de-dollars-de-honda-canada-et-le-considere-comme-une-etape-importante-dans-lavancement-du-transport-electrique\/","title":{"rendered":"Mobilit\u00e9 \u00e9lectrique Canada c\u00e9l\u00e8bre l&#8217;investissement historique de 15 milliards de dollars de Honda Canada et le consid\u00e8re comme une \u00e9tape importante dans l&#8217;avancement du transport \u00e9lectrique"},"content":{"rendered":"<p><span data-contrast=\"auto\">Mobilit\u00e9 \u00e9lectrique Canada (MEC) se r\u00e9jouit de l&#8217;annonce d&#8217;aujourd&#8217;hui, d&#8217;hier et du 25 avril 2024, qui marque l&#8217;investissement le plus important de l&#8217;histoire de l&#8217;industrie automobile canadienne. Cette annonce d\u00e9montre que les gouvernements du Canada et de l&#8217;Ontario s&#8217;engagent \u00e0 assurer la survie et la prosp\u00e9rit\u00e9 de l&#8217;industrie automobile. Ce d\u00e9veloppement est une victoire importante pour les travailleurs canadiens de l&#8217;automobile, car il ouvre davantage de possibilit\u00e9s dans l&#8217;industrie en pleine croissance des v\u00e9hicules \u00e9lectriques.<\/span><span data-ccp-props=\"{&quot;201341983&quot;:0,&quot;335559739&quot;:160,&quot;335559740&quot;:259}\">\u00a0<\/span><\/p>\n<p><span data-contrast=\"auto\">En outre, il s&#8217;agit d&#8217;une excellente nouvelle pour les fournisseurs canadiens de pi\u00e8ces pour v\u00e9hicules \u00e9lectriques, qui b\u00e9n\u00e9ficieront de la demande accrue de composants d&#8217;origine locale. Les 15 milliards de dollars financeront la premi\u00e8re cha\u00eene d&#8217;approvisionnement compl\u00e8te du Canada pour les v\u00e9hicules \u00e9lectriques, qui comprendra quatre nouvelles usines de fabrication situ\u00e9es en Ontario.\u00a0<\/span><span data-ccp-props=\"{&quot;201341983&quot;:0,&quot;335559739&quot;:160,&quot;335559740&quot;:259}\">\u00a0<\/span><\/p>\n<p><span data-contrast=\"auto\">On estime que la nouvelle usine d&#8217;assemblage produira jusqu&#8217;\u00e0 240 000 v\u00e9hicules par an, et que les quatre usines cr\u00e9eront plus de 1 000 emplois, en plus de nombreux emplois dans le secteur de la construction jusqu&#8217;\u00e0 sa mise en service en 2028. \u00abAyant travaill\u00e9 dans une usine d&#8217;assemblage automobile par le pass\u00e9, je comprends parfaitement l&#8217;importance de cette annonce pour les travailleurs canadiens. Ils peuvent \u00eatre fiers aujourd&#8217;hui, car cet investissement historique de Honda a \u00e9t\u00e9 grandement influenc\u00e9 par eux, les employ\u00e9s professionnels et passionn\u00e9s\u00bb, a d\u00e9clar\u00e9 Daniel Breton, pr\u00e9sident et chef de la direction de MEC.<\/span><span data-ccp-props=\"{&quot;201341983&quot;:0,&quot;335559739&quot;:160,&quot;335559740&quot;:259}\">\u00a0<\/span><\/p>\n<p><span data-contrast=\"auto\">Nous esp\u00e9rons qu&#8217;avec l&#8217;engagement de fabriquer plus de voitures et de camions en Ontario, le gouvernement de l&#8217;Ontario suivra et offrira des rabais pour les v\u00e9hicules \u00e9lectriques afin d&#8217;encourager leur adoption \u00e0 grande \u00e9chelle dans la province. De plus, nous encourageons Honda \u00e0 se joindre \u00e0 d&#8217;autres leaders de l&#8217;industrie comme Volkswagen et Tesla pour soutenir l&#8217;installation de chargeurs de VE dans tout le Canada, afin d&#8217;\u00e9tendre l&#8217;infrastructure n\u00e9cessaire \u00e0 un avenir durable pour les v\u00e9hicules \u00e9lectriques.<\/span><span data-ccp-props=\"{&quot;201341983&quot;:0,&quot;335559739&quot;:160,&quot;335559740&quot;:259}\">\u00a0<\/span><\/p>\n<p><span data-contrast=\"auto\">Cet investissement novateur montre que l&#8217;action climatique et l&#8217;\u00e9conomie vont de pair. De telles r\u00e9alisations permettent non seulement d&#8217;offrir aux Canadiens des emplois de qualit\u00e9, mais aussi de stimuler l&#8217;\u00e9conomie canadienne et provinciale.<\/span><span data-ccp-props=\"{&quot;201341983&quot;:0,&quot;335559739&quot;:160,&quot;335559740&quot;:259}\">\u00a0<\/span><\/p>\n","protected":false},"excerpt":{"rendered":"<p>Mobilit\u00e9 \u00e9lectrique Canada (MEC) se r\u00e9jouit de l&#8217;annonce d&#8217;aujourd&#8217;hui, d&#8217;hier et du 25 avril 2024, qui marque l&#8217;investissement le plus important de l&#8217;histoire de l&#8217;industrie automobile canadienne.<\/p>\n","protected":false},"featured_media":2872,"menu_order":0,"template":"","meta":{"_acf_changed":false,"_monsterinsights_skip_tracking":false,"_monsterinsights_sitenote_active":false,"_monsterinsights_sitenote_note":"","_monsterinsights_sitenote_category":0},"news-post-category":[58],"class_list":["post-2873","news-post","type-news-post","status-publish","has-post-thumbnail","hentry","news-post-category-emc-news-release-fr"],"acf":[],"yoast_head":"<!-- This site is optimized with the Yoast SEO plugin v27.4 - https:\/\/yoast.com\/product\/yoast-seo-wordpress\/ -->\n<title>Mobilit\u00e9 \u00e9lectrique Canada c\u00e9l\u00e8bre l&#039;investissement historique de 15 milliards de dollars de Honda Canada et le consid\u00e8re comme une \u00e9tape importante dans l&#039;avancement du transport \u00e9lectrique - Mobilit\u00e9 Electrique Canada<\/title>\n<meta name=\"robots\" content=\"index, follow, max-snippet:-1, max-image-preview:large, max-video-preview:-1\" \/>\n<link rel=\"canonical\" href=\"https:\/\/emc-mec.ca\/fr\/article-de-nouvelles\/mobilite-electrique-canada-celebre-linvestissement-historique-de-15-milliards-de-dollars-de-honda-canada-et-le-considere-comme-une-etape-importante-dans-lavancement-du-transport-electrique\/\" \/>\n<meta property=\"og:locale\" content=\"fr_FR\" \/>\n<meta property=\"og:type\" content=\"article\" \/>\n<meta property=\"og:title\" content=\"Mobilit\u00e9 \u00e9lectrique Canada c\u00e9l\u00e8bre l&#039;investissement historique de 15 milliards de dollars de Honda Canada et le consid\u00e8re comme une \u00e9tape importante dans l&#039;avancement du transport \u00e9lectrique - Mobilit\u00e9 Electrique Canada\" \/>\n<meta property=\"og:description\" content=\"Mobilit\u00e9 \u00e9lectrique Canada (MEC) se r\u00e9jouit de l&#039;annonce d&#039;aujourd&#039;hui, d&#039;hier et du 25 avril 2024, qui marque l&#039;investissement le plus important de l&#039;histoire de l&#039;industrie automobile canadienne.\" \/>\n<meta property=\"og:url\" content=\"https:\/\/emc-mec.ca\/fr\/article-de-nouvelles\/mobilite-electrique-canada-celebre-linvestissement-historique-de-15-milliards-de-dollars-de-honda-canada-et-le-considere-comme-une-etape-importante-dans-lavancement-du-transport-electrique\/\" \/>\n<meta property=\"og:site_name\" content=\"Mobilit\u00e9 Electrique Canada\" \/>\n<meta property=\"article:modified_time\" content=\"2024-04-25T17:35:57+00:00\" \/>\n<meta property=\"og:image\" content=\"https:\/\/emc-mec.ca\/wp-content\/uploads\/2024\/04\/IMG_8875.jpg\" \/>\n\t<meta property=\"og:image:width\" content=\"640\" \/>\n\t<meta property=\"og:image:height\" content=\"480\" \/>\n\t<meta property=\"og:image:type\" content=\"image\/jpeg\" \/>\n<meta name=\"twitter:card\" content=\"summary_large_image\" \/>\n<meta name=\"twitter:label1\" content=\"Dur\u00e9e de lecture estim\u00e9e\" \/>\n\t<meta name=\"twitter:data1\" content=\"2 minutes\" \/>\n<script type=\"application\/ld+json\" class=\"yoast-schema-graph\">{\"@context\":\"https:\\\/\\\/schema.org\",\"@graph\":[{\"@type\":\"WebPage\",\"@id\":\"https:\\\/\\\/emc-mec.ca\\\/fr\\\/article-de-nouvelles\\\/mobilite-electrique-canada-celebre-linvestissement-historique-de-15-milliards-de-dollars-de-honda-canada-et-le-considere-comme-une-etape-importante-dans-lavancement-du-transport-electrique\\\/\",\"url\":\"https:\\\/\\\/emc-mec.ca\\\/fr\\\/article-de-nouvelles\\\/mobilite-electrique-canada-celebre-linvestissement-historique-de-15-milliards-de-dollars-de-honda-canada-et-le-considere-comme-une-etape-importante-dans-lavancement-du-transport-electrique\\\/\",\"name\":\"Mobilit\u00e9 \u00e9lectrique Canada c\u00e9l\u00e8bre l'investissement historique de 15 milliards de dollars de Honda Canada et le consid\u00e8re comme une \u00e9tape importante dans l'avancement du transport \u00e9lectrique - Mobilit\u00e9 Electrique Canada\",\"isPartOf\":{\"@id\":\"https:\\\/\\\/emc-mec.ca\\\/#website\"},\"primaryImageOfPage\":{\"@id\":\"https:\\\/\\\/emc-mec.ca\\\/fr\\\/article-de-nouvelles\\\/mobilite-electrique-canada-celebre-linvestissement-historique-de-15-milliards-de-dollars-de-honda-canada-et-le-considere-comme-une-etape-importante-dans-lavancement-du-transport-electrique\\\/#primaryimage\"},\"image\":{\"@id\":\"https:\\\/\\\/emc-mec.ca\\\/fr\\\/article-de-nouvelles\\\/mobilite-electrique-canada-celebre-linvestissement-historique-de-15-milliards-de-dollars-de-honda-canada-et-le-considere-comme-une-etape-importante-dans-lavancement-du-transport-electrique\\\/#primaryimage\"},\"thumbnailUrl\":\"https:\\\/\\\/emc-mec.ca\\\/wp-content\\\/uploads\\\/2024\\\/04\\\/IMG_8875.jpg\",\"datePublished\":\"2024-04-25T17:32:42+00:00\",\"dateModified\":\"2024-04-25T17:35:57+00:00\",\"breadcrumb\":{\"@id\":\"https:\\\/\\\/emc-mec.ca\\\/fr\\\/article-de-nouvelles\\\/mobilite-electrique-canada-celebre-linvestissement-historique-de-15-milliards-de-dollars-de-honda-canada-et-le-considere-comme-une-etape-importante-dans-lavancement-du-transport-electrique\\\/#breadcrumb\"},\"inLanguage\":\"fr-FR\",\"potentialAction\":[{\"@type\":\"ReadAction\",\"target\":[\"https:\\\/\\\/emc-mec.ca\\\/fr\\\/article-de-nouvelles\\\/mobilite-electrique-canada-celebre-linvestissement-historique-de-15-milliards-de-dollars-de-honda-canada-et-le-considere-comme-une-etape-importante-dans-lavancement-du-transport-electrique\\\/\"]}]},{\"@type\":\"ImageObject\",\"inLanguage\":\"fr-FR\",\"@id\":\"https:\\\/\\\/emc-mec.ca\\\/fr\\\/article-de-nouvelles\\\/mobilite-electrique-canada-celebre-linvestissement-historique-de-15-milliards-de-dollars-de-honda-canada-et-le-considere-comme-une-etape-importante-dans-lavancement-du-transport-electrique\\\/#primaryimage\",\"url\":\"https:\\\/\\\/emc-mec.ca\\\/wp-content\\\/uploads\\\/2024\\\/04\\\/IMG_8875.jpg\",\"contentUrl\":\"https:\\\/\\\/emc-mec.ca\\\/wp-content\\\/uploads\\\/2024\\\/04\\\/IMG_8875.jpg\",\"width\":640,\"height\":480},{\"@type\":\"BreadcrumbList\",\"@id\":\"https:\\\/\\\/emc-mec.ca\\\/fr\\\/article-de-nouvelles\\\/mobilite-electrique-canada-celebre-linvestissement-historique-de-15-milliards-de-dollars-de-honda-canada-et-le-considere-comme-une-etape-importante-dans-lavancement-du-transport-electrique\\\/#breadcrumb\",\"itemListElement\":[{\"@type\":\"ListItem\",\"position\":1,\"name\":\"Home\",\"item\":\"https:\\\/\\\/emc-mec.ca\\\/fr\\\/\"},{\"@type\":\"ListItem\",\"position\":2,\"name\":\"News\",\"item\":\"https:\\\/\\\/emc-mec.ca\\\/fr\\\/article-de-nouvelles\\\/\"},{\"@type\":\"ListItem\",\"position\":3,\"name\":\"Mobilit\u00e9 \u00e9lectrique Canada c\u00e9l\u00e8bre l&#8217;investissement historique de 15 milliards de dollars de Honda Canada et le consid\u00e8re comme une \u00e9tape importante dans l&#8217;avancement du transport \u00e9lectrique\"}]},{\"@type\":\"WebSite\",\"@id\":\"https:\\\/\\\/emc-mec.ca\\\/#website\",\"url\":\"https:\\\/\\\/emc-mec.ca\\\/\",\"name\":\"Mobilit\u00e9 Electrique Canada\",\"description\":\"Acc\u00e9l\u00e9rer l&#039;\u00e9lectrification des transports\",\"potentialAction\":[{\"@type\":\"SearchAction\",\"target\":{\"@type\":\"EntryPoint\",\"urlTemplate\":\"https:\\\/\\\/emc-mec.ca\\\/?s={search_term_string}\"},\"query-input\":{\"@type\":\"PropertyValueSpecification\",\"valueRequired\":true,\"valueName\":\"search_term_string\"}}],\"inLanguage\":\"fr-FR\"}]}<\/script>\n<!-- \/ Yoast SEO plugin. -->","yoast_head_json":{"title":"Mobilit\u00e9 \u00e9lectrique Canada c\u00e9l\u00e8bre l'investissement historique de 15 milliards de dollars de Honda Canada et le consid\u00e8re comme une \u00e9tape importante dans l'avancement du transport \u00e9lectrique - Mobilit\u00e9 Electrique Canada","robots":{"index":"index","follow":"follow","max-snippet":"max-snippet:-1","max-image-preview":"max-image-preview:large","max-video-preview":"max-video-preview:-1"},"canonical":"https:\/\/emc-mec.ca\/fr\/article-de-nouvelles\/mobilite-electrique-canada-celebre-linvestissement-historique-de-15-milliards-de-dollars-de-honda-canada-et-le-considere-comme-une-etape-importante-dans-lavancement-du-transport-electrique\/","og_locale":"fr_FR","og_type":"article","og_title":"Mobilit\u00e9 \u00e9lectrique Canada c\u00e9l\u00e8bre l'investissement historique de 15 milliards de dollars de Honda Canada et le consid\u00e8re comme une \u00e9tape importante dans l'avancement du transport \u00e9lectrique - Mobilit\u00e9 Electrique Canada","og_description":"Mobilit\u00e9 \u00e9lectrique Canada (MEC) se r\u00e9jouit de l'annonce d'aujourd'hui, d'hier et du 25 avril 2024, qui marque l'investissement le plus important de l'histoire de l'industrie automobile canadienne.","og_url":"https:\/\/emc-mec.ca\/fr\/article-de-nouvelles\/mobilite-electrique-canada-celebre-linvestissement-historique-de-15-milliards-de-dollars-de-honda-canada-et-le-considere-comme-une-etape-importante-dans-lavancement-du-transport-electrique\/","og_site_name":"Mobilit\u00e9 Electrique Canada","article_modified_time":"2024-04-25T17:35:57+00:00","og_image":[{"width":640,"height":480,"url":"https:\/\/emc-mec.ca\/wp-content\/uploads\/2024\/04\/IMG_8875.jpg","type":"image\/jpeg"}],"twitter_card":"summary_large_image","twitter_misc":{"Dur\u00e9e de lecture estim\u00e9e":"2 minutes"},"schema":{"@context":"https:\/\/schema.org","@graph":[{"@type":"WebPage","@id":"https:\/\/emc-mec.ca\/fr\/article-de-nouvelles\/mobilite-electrique-canada-celebre-linvestissement-historique-de-15-milliards-de-dollars-de-honda-canada-et-le-considere-comme-une-etape-importante-dans-lavancement-du-transport-electrique\/","url":"https:\/\/emc-mec.ca\/fr\/article-de-nouvelles\/mobilite-electrique-canada-celebre-linvestissement-historique-de-15-milliards-de-dollars-de-honda-canada-et-le-considere-comme-une-etape-importante-dans-lavancement-du-transport-electrique\/","name":"Mobilit\u00e9 \u00e9lectrique Canada c\u00e9l\u00e8bre l'investissement historique de 15 milliards de dollars de Honda Canada et le consid\u00e8re comme une \u00e9tape importante dans l'avancement du transport \u00e9lectrique - Mobilit\u00e9 Electrique Canada","isPartOf":{"@id":"https:\/\/emc-mec.ca\/#website"},"primaryImageOfPage":{"@id":"https:\/\/emc-mec.ca\/fr\/article-de-nouvelles\/mobilite-electrique-canada-celebre-linvestissement-historique-de-15-milliards-de-dollars-de-honda-canada-et-le-considere-comme-une-etape-importante-dans-lavancement-du-transport-electrique\/#primaryimage"},"image":{"@id":"https:\/\/emc-mec.ca\/fr\/article-de-nouvelles\/mobilite-electrique-canada-celebre-linvestissement-historique-de-15-milliards-de-dollars-de-honda-canada-et-le-considere-comme-une-etape-importante-dans-lavancement-du-transport-electrique\/#primaryimage"},"thumbnailUrl":"https:\/\/emc-mec.ca\/wp-content\/uploads\/2024\/04\/IMG_8875.jpg","datePublished":"2024-04-25T17:32:42+00:00","dateModified":"2024-04-25T17:35:57+00:00","breadcrumb":{"@id":"https:\/\/emc-mec.ca\/fr\/article-de-nouvelles\/mobilite-electrique-canada-celebre-linvestissement-historique-de-15-milliards-de-dollars-de-honda-canada-et-le-considere-comme-une-etape-importante-dans-lavancement-du-transport-electrique\/#breadcrumb"},"inLanguage":"fr-FR","potentialAction":[{"@type":"ReadAction","target":["https:\/\/emc-mec.ca\/fr\/article-de-nouvelles\/mobilite-electrique-canada-celebre-linvestissement-historique-de-15-milliards-de-dollars-de-honda-canada-et-le-considere-comme-une-etape-importante-dans-lavancement-du-transport-electrique\/"]}]},{"@type":"ImageObject","inLanguage":"fr-FR","@id":"https:\/\/emc-mec.ca\/fr\/article-de-nouvelles\/mobilite-electrique-canada-celebre-linvestissement-historique-de-15-milliards-de-dollars-de-honda-canada-et-le-considere-comme-une-etape-importante-dans-lavancement-du-transport-electrique\/#primaryimage","url":"https:\/\/emc-mec.ca\/wp-content\/uploads\/2024\/04\/IMG_8875.jpg","contentUrl":"https:\/\/emc-mec.ca\/wp-content\/uploads\/2024\/04\/IMG_8875.jpg","width":640,"height":480},{"@type":"BreadcrumbList","@id":"https:\/\/emc-mec.ca\/fr\/article-de-nouvelles\/mobilite-electrique-canada-celebre-linvestissement-historique-de-15-milliards-de-dollars-de-honda-canada-et-le-considere-comme-une-etape-importante-dans-lavancement-du-transport-electrique\/#breadcrumb","itemListElement":[{"@type":"ListItem","position":1,"name":"Home","item":"https:\/\/emc-mec.ca\/fr\/"},{"@type":"ListItem","position":2,"name":"News","item":"https:\/\/emc-mec.ca\/fr\/article-de-nouvelles\/"},{"@type":"ListItem","position":3,"name":"Mobilit\u00e9 \u00e9lectrique Canada c\u00e9l\u00e8bre l&#8217;investissement historique de 15 milliards de dollars de Honda Canada et le consid\u00e8re comme une \u00e9tape importante dans l&#8217;avancement du transport \u00e9lectrique"}]},{"@type":"WebSite","@id":"https:\/\/emc-mec.ca\/#website","url":"https:\/\/emc-mec.ca\/","name":"Mobilit\u00e9 Electrique Canada","description":"Acc\u00e9l\u00e9rer l&#039;\u00e9lectrification des transports","potentialAction":[{"@type":"SearchAction","target":{"@type":"EntryPoint","urlTemplate":"https:\/\/emc-mec.ca\/?s={search_term_string}"},"query-input":{"@type":"PropertyValueSpecification","valueRequired":true,"valueName":"search_term_string"}}],"inLanguage":"fr-FR"}]}},"_links":{"self":[{"href":"https:\/\/emc-mec.ca\/fr\/wp-json\/wp\/v2\/news-post\/2873","targetHints":{"allow":["GET"]}}],"collection":[{"href":"https:\/\/emc-mec.ca\/fr\/wp-json\/wp\/v2\/news-post"}],"about":[{"href":"https:\/\/emc-mec.ca\/fr\/wp-json\/wp\/v2\/types\/news-post"}],"wp:featuredmedia":[{"embeddable":true,"href":"https:\/\/emc-mec.ca\/fr\/wp-json\/wp\/v2\/media\/2872"}],"wp:attachment":[{"href":"https:\/\/emc-mec.ca\/fr\/wp-json\/wp\/v2\/media?parent=2873"}],"wp:term":[{"taxonomy":"news-post-category","embeddable":true,"href":"https:\/\/emc-mec.ca\/fr\/wp-json\/wp\/v2\/news-post-category?post=2873"}],"curies":[{"name":"wp","href":"https:\/\/api.w.org\/{rel}","templated":true}]}}