{"id":2666,"date":"2024-03-12T14:09:05","date_gmt":"2024-03-12T18:09:05","guid":{"rendered":"https:\/\/emc-mec.ca\/?post_type=news-post&#038;p=2666"},"modified":"2024-03-12T14:09:50","modified_gmt":"2024-03-12T18:09:50","slug":"appel-a-candidatures-conseil-dadministration-2024-25","status":"publish","type":"news-post","link":"https:\/\/emc-mec.ca\/fr\/article-de-nouvelles\/appel-a-candidatures-conseil-dadministration-2024-25\/","title":{"rendered":"Appel \u00e0 candidatures: Conseil d&#8217;administration 2024-25"},"content":{"rendered":"<p>Mobilit\u00e9 \u00c9lectrique Canada (MEC) a lanc\u00e9 un appel \u00e0 candidatures pour si\u00e9ger \u00e0 son conseil d&#8217;administration.<\/p>\n<p>Nos statuts pr\u00e9voient l\u2019\u00e9lection des membres du conseil d\u2019administration de Mobilit\u00e9 \u00c9lectrique Canada lors de chaque assembl\u00e9e g\u00e9n\u00e9rale annuelle.\u00a0<b>Notre prochaine assembl\u00e9e g\u00e9n\u00e9rale annuelle est pr\u00e9vue de 14h00 \u00e0 15h30 (heure de l\u2019Est) le jeudi 23 mai, 2024 sur une plateforme virtuelle.<\/b><\/p>\n<p>En 2023, le comit\u00e9 de gouvernance et de nomination a \u00e9valu\u00e9 le conseil d&#8217;administration actuel afin de d\u00e9terminer sa diversit\u00e9, sa repr\u00e9sentation et les \u00e9ventuelles lacunes en mati\u00e8re de comp\u00e9tences.<strong>\u00a0Les comp\u00e9tences et l&#8217;exp\u00e9rience en mati\u00e8re de finances et d&#8217;audit ont \u00e9t\u00e9 identifi\u00e9es comme un domaine prioritaire.<\/strong>\u00a0La commission encourage les membres \u00e0 s&#8217;assurer que leurs votes pour les nouveaux administrateurs lors de la prochaine AGA\u00a0<strong>incluent au moins une personne<\/strong>\u00a0ayant des comp\u00e9tences et une exp\u00e9rience en mati\u00e8re de finance et d&#8217;audit (en particulier une exp\u00e9rience au sein d&#8217;une organisation \u00e0 but non lucratif ou d&#8217;une entreprise au sein d&#8217;un comit\u00e9 de finance et d&#8217;audit ou une exp\u00e9rience professionnelle en mati\u00e8re de finance et d&#8217;audit).<\/p>\n<p><strong>Tout candidat ayant une exp\u00e9rience ou une expertise dans les domaines de la finance et de l&#8217;audit sont pri\u00e9s de le mentionner dans leur candidature.<\/strong><\/p>\n<p>Le r\u00e8glement int\u00e9rieur actuel de MEC\u00a0stipule que les membres sont \u00e9lus pour un mandat de deux ans lors de l&#8217;assembl\u00e9e g\u00e9n\u00e9rale annuelle et qu&#8217;ils peuvent comprendre un minimum de 8 et un maximum de 17 membres. Il n&#8217;y a actuellement aucune limite de mandat. MEC\u00a0compte 17 membres du conseil d&#8217;administration (voir le tableau ci-dessous), ce qui montre \u00e9galement que le mandat de 9 des 17 membres se termine \u00e0 l&#8217;occasion de l&#8217;assembl\u00e9e g\u00e9n\u00e9rale annuelle de cette ann\u00e9e.<\/p>\n<p>Le comit\u00e9 de\u00a0gouvernance et de nomination\u00a0recommandera de modifier les statuts de MEC\u00a0pour<\/p>\n<p><em>(1) passer d&#8217;un mandat de deux ans \u00e0 un mandat de trois ans pour les membres du conseil d&#8217;administration<\/em><\/p>\n<p><em>(2) limiter la dur\u00e9e du mandat des membres du conseil d&#8217;administration \u00e0 un maximum de trois mandats de trois ans, \u00e0 compter de l&#8217;adoption d&#8217;une motion, et<\/em><\/p>\n<p><em>(3) confirmer que le conseil d&#8217;administration \u00e9lit son pr\u00e9sident et qu&#8217;il pr\u00e9sentera des motions \u00e0 cet effet lors de l&#8217;assembl\u00e9e g\u00e9n\u00e9rale annuelle.<\/em><\/p>\n<p>Pour mettre en \u0153uvre ce changement, le comit\u00e9 des nominations propose d&#8217;\u00e9chelonner les \u00e9lections de sorte qu&#8217;apr\u00e8s deux ans, un tiers du conseil d&#8217;administration se renouvelle chaque ann\u00e9e, ce qui contribue \u00e0 r\u00e9duire le risque de perte de connaissances et \u00e0 am\u00e9liorer la continuit\u00e9 des r\u00f4les au sein du conseil d&#8217;administration.<\/p>\n<p>Avec les modifications du r\u00e8glement, les personnes \u00e9lues lors de l&#8217;assembl\u00e9e g\u00e9n\u00e9rale annuelle de 2024 pour les deux premi\u00e8res ann\u00e9es, les candidats seront \u00e9lus pour un mandat de deux ou trois ans. Les r\u00e8glements r\u00e9vis\u00e9s seront communiqu\u00e9s aux membres de MEC\u00a0pour examen avant l&#8217;assembl\u00e9e g\u00e9n\u00e9rale annuelle.<\/p>\n<p><strong>\u00c9ligibilit\u00e9 et \u00e9valuation<\/strong><\/p>\n<p>Pour si\u00e9ger au conseil d&#8217;administration, les candidats doivent \u00eatre \u00e9ligibles, dispos\u00e9s \u00e0 assister \u00e0 au moins six r\u00e9unions du conseil d&#8217;administration par an, \u00e0 participer aux r\u00e9unions de planification strat\u00e9gique et aux sessions de formation \u00e0 la gouvernance du conseil d&#8217;administration, ainsi qu&#8217;\u00e0 jouer un r\u00f4le de premier plan au sein d&#8217;un comit\u00e9, d&#8217;un groupe de travail ou d&#8217;autres initiatives de MEC.<\/p>\n<p>La charte et le r\u00e8glement int\u00e9rieur du conseil d&#8217;administration sont disponibles sur le\u00a0<strong><a href=\"https:\/\/connect.emc-mec.ca\/en\/join\/authentication#login_content_box\">portail des membres de MEC<\/a><\/strong>, sous l&#8217;onglet &#8220;Gouvernance&#8221;.<\/p>\n<p>Nous continuons \u00e0 nous efforcer d&#8217;avoir un conseil d&#8217;administration diversifi\u00e9, inclusif et repr\u00e9sentatif, en tenant compte des \u00e9l\u00e9ments suivants<\/p>\n<ul>\n<li><strong>Exp\u00e9rience en mati\u00e8re de finance et d&#8217;audit<\/strong><\/li>\n<li><strong>Exp\u00e9rience juridique<\/strong><\/li>\n<li><strong>Connaissance\/exp\u00e9rience du secteur<\/strong><\/li>\n<li><strong>Exp\u00e9rience au sein d&#8217;un conseil d&#8217;administration<\/strong><\/li>\n<li><strong>\u00c9quit\u00e9, diversit\u00e9 et inclusion<\/strong><\/li>\n<li><strong>Valeur strat\u00e9gique pour l&#8217;EMC et le conseil d&#8217;administration<\/strong><\/li>\n<li><strong>Repr\u00e9sentation des membres de MEC (cat\u00e9gories de membres, r\u00e9gions du Canada et bilinguisme)<\/strong><\/li>\n<\/ul>\n<p>Nos statuts pr\u00e9voient en outre que seuls les membres votants peuvent si\u00e9ger au conseil d&#8217;administration. Les associ\u00e9s votants et non votants sont les suivants :<\/p>\n<p>&nbsp;<\/p>\n<p><b>Membres votants<\/b><\/p>\n<ol>\n<li>Industrie et flottes (constructeurs automobiles, fournisseurs de pi\u00e8ces et de composantes de VE, autres fournisseurs to produits et services, gestionnaires to parcs municipaux et publics, parcs automobiles priv\u00e9s, soci\u00e9t\u00e9s de transport)<\/li>\n<li>Fournisseurs d\u2019\u00e9nergie (niveau provincial, niveau municipal, compagnies locales de distribution)<\/li>\n<li>Organisations \u00e0 but non lucratif et universitaires (centres de recherche et universit\u00e9s, associations reli\u00e9es, syndicats)<\/li>\n<\/ol>\n<p><b>Membres sans droit de vote<\/b><\/p>\n<ol>\n<li>Personnes associ\u00e9es (\u00e9tudiants, conducteurs de VE, autres individus)<\/li>\n<li>Organisations associ\u00e9s (organismes gouvernementaux \u00e0 tous les niveaux)<\/li>\n<\/ol>\n<p>&nbsp;<\/p>\n<p><strong>Processus de nomination et calendrier<\/strong><\/p>\n<ul>\n<li>Chaque candidature doit \u00eatre soumise en utilisant ce lien o\u00f9 il vous sera demand\u00e9 de soumettre\n<ul>\n<li>un bref curriculum vitae du candidat (1 \u00e0 2 pages) ;<\/li>\n<li>un texte de 200 mots maximum soulignant l&#8217;int\u00e9r\u00eat du candidat pour le conseil d&#8217;administration et toute exp\u00e9rience ant\u00e9rieure au sein d&#8217;un conseil d&#8217;administration, en particulier toute exp\u00e9rience en mati\u00e8re de finances et d&#8217;audit.<\/li>\n<\/ul>\n<\/li>\n<li>Si vous souhaitez nommer un autre membre votant, l&#8217;accord du candidat est n\u00e9cessaire.<\/li>\n<li>Les candidats pr\u00e9s\u00e9lectionn\u00e9s seront inform\u00e9s et leur candidature (curriculum vitae et r\u00e9sum\u00e9) sera envoy\u00e9e \u00e0 tous les membres votants avant la r\u00e9union du conseil d&#8217;administration.<\/li>\n<li>MEC se r\u00e9serve le droit de donner suite \u00e0 toute question ou clarification.<\/li>\n<\/ul>\n<p><strong>La date limite de soumission est fix\u00e9e au 18 avril 2024 \u00e0 17 heures (heure de l&#8217;Est).<\/strong><\/p>\n<p>&nbsp;<\/p>\n<p><strong>Conseil d&#8217;administration actuel<\/strong><\/p>\n<table class=\"Table\" width=\"624\">\n<tbody>\n<tr>\n<td valign=\"top\" width=\"156\"><b>Nom<\/b><\/td>\n<td valign=\"top\" width=\"156\"><b>Repr\u00e9sentant<\/b><\/td>\n<td valign=\"top\" width=\"142\"><b>Fin de mandat 2024<\/b><\/td>\n<td valign=\"top\" width=\"170\"><b>Fin de mandat 2025<\/b><\/td>\n<\/tr>\n<tr>\n<td valign=\"top\" width=\"156\">Allan, Travis<\/td>\n<td valign=\"top\" width=\"156\">FLO<\/td>\n<td valign=\"top\" width=\"142\">\n<p align=\"center\">\n<\/td>\n<td valign=\"top\" width=\"170\">\n<p align=\"center\">X<\/p>\n<\/td>\n<\/tr>\n<tr>\n<td valign=\"top\" width=\"156\">Clairman, Cara<\/td>\n<td valign=\"top\" width=\"156\">Plug\u2019n Drive Coalition of Ontario<\/td>\n<td valign=\"top\" width=\"142\">\n<p align=\"center\">\n<\/td>\n<td valign=\"top\" width=\"170\">\n<p align=\"center\">X<\/p>\n<\/td>\n<\/tr>\n<tr>\n<td valign=\"top\" width=\"156\">Cloutier, Renaud<\/td>\n<td valign=\"top\" width=\"156\">Hydro-Qu\u00e9bec<\/td>\n<td valign=\"top\" width=\"142\">\n<p align=\"center\">\n<\/td>\n<td valign=\"top\" width=\"170\">\n<p align=\"center\">X<\/p>\n<\/td>\n<\/tr>\n<tr>\n<td valign=\"top\" width=\"156\">Cooke, Theresa<\/td>\n<td valign=\"top\" width=\"156\">Siemens<\/td>\n<td valign=\"top\" width=\"142\">\n<p align=\"center\">X<\/p>\n<\/td>\n<td valign=\"top\" width=\"170\">\n<p align=\"center\">\n<\/td>\n<\/tr>\n<tr>\n<td valign=\"top\" width=\"156\">Cruickshank, Jason<\/td>\n<td valign=\"top\" width=\"156\">SWTCH Energy<\/td>\n<td valign=\"top\" width=\"142\">\n<p align=\"center\">\n<\/td>\n<td valign=\"top\" width=\"170\">\n<p align=\"center\">X<\/p>\n<\/td>\n<\/tr>\n<tr>\n<td valign=\"top\" width=\"156\">Dowling, Ted<\/td>\n<td valign=\"top\" width=\"156\">Ebusco<\/td>\n<td valign=\"top\" width=\"142\">\n<p align=\"center\">\n<\/td>\n<td valign=\"top\" width=\"170\">\n<p align=\"center\">X<\/p>\n<\/td>\n<\/tr>\n<tr>\n<td valign=\"top\" width=\"156\">Gervais, Patrick<\/td>\n<td valign=\"top\" width=\"156\">Lion Electric<\/td>\n<td valign=\"top\" width=\"142\">\n<p align=\"center\">X<\/p>\n<\/td>\n<td valign=\"top\" width=\"170\">\n<p align=\"center\">\n<\/td>\n<\/tr>\n<tr>\n<td valign=\"top\" width=\"156\">Goldberg, Suzanne<\/td>\n<td valign=\"top\" width=\"156\">Chargepoint<\/td>\n<td valign=\"top\" width=\"142\">\n<p align=\"center\">\n<\/td>\n<td valign=\"top\" width=\"170\">\n<p align=\"center\">X<\/p>\n<\/td>\n<\/tr>\n<tr>\n<td valign=\"top\" width=\"156\">Guatto, Dan<\/td>\n<td valign=\"top\" width=\"156\">EY<\/td>\n<td valign=\"top\" width=\"142\">\n<p align=\"center\">X<\/p>\n<\/td>\n<td valign=\"top\" width=\"170\">\n<p align=\"center\">\n<\/td>\n<\/tr>\n<tr>\n<td valign=\"top\" width=\"156\">Lohmann, Megan<\/td>\n<td valign=\"top\" width=\"156\">Community Energy Association<\/td>\n<td valign=\"top\" width=\"142\">\n<p align=\"center\">X<\/p>\n<\/td>\n<td valign=\"top\" width=\"170\">\n<p align=\"center\">\n<\/td>\n<\/tr>\n<tr>\n<td valign=\"top\" width=\"156\">Pushkarna, Sanjeev<\/td>\n<td valign=\"top\" width=\"156\">Nova Scotia Power<\/td>\n<td valign=\"top\" width=\"142\">\n<p align=\"center\">X<\/p>\n<\/td>\n<td valign=\"top\" width=\"170\">\n<p align=\"center\">\n<\/td>\n<\/tr>\n<tr>\n<td valign=\"top\" width=\"156\">Rector Bleeker, Shayna<\/td>\n<td valign=\"top\" width=\"156\">7 Generation Capital<\/td>\n<td valign=\"top\" width=\"142\">\n<p align=\"center\">\n<\/td>\n<td valign=\"top\" width=\"170\">\n<p align=\"center\">X<\/p>\n<\/td>\n<\/tr>\n<tr>\n<td valign=\"top\" width=\"156\">Sathe, Neetika<\/td>\n<td valign=\"top\" width=\"156\">Alectra<\/td>\n<td valign=\"top\" width=\"142\">\n<p align=\"center\">X<\/p>\n<\/td>\n<td valign=\"top\" width=\"170\">\n<p align=\"center\">\n<\/td>\n<\/tr>\n<tr>\n<td valign=\"top\" width=\"156\">Tsang, Alec<\/td>\n<td valign=\"top\" width=\"156\">BC Hydro<\/td>\n<td valign=\"top\" width=\"142\">\n<p align=\"center\">X<\/p>\n<\/td>\n<td valign=\"top\" width=\"170\">\n<p align=\"center\">\n<\/td>\n<\/tr>\n<tr>\n<td valign=\"top\" width=\"156\">Turner, Jeff<\/td>\n<td valign=\"top\" width=\"156\">Dunsky \u00c9nergie + Climat<\/td>\n<td valign=\"top\" width=\"142\">\n<p align=\"center\">\n<\/td>\n<td valign=\"top\" width=\"170\">\n<p align=\"center\">X<\/p>\n<\/td>\n<\/tr>\n<tr>\n<td valign=\"top\" width=\"156\" height=\"20\">Wiseman, Evan<\/td>\n<td valign=\"top\" width=\"156\" height=\"20\">The Atmospheric Fund (TAF)<\/td>\n<td valign=\"top\" width=\"142\" height=\"20\">\n<p align=\"center\">X<\/p>\n<\/td>\n<td valign=\"top\" width=\"170\" height=\"20\">\n<p align=\"center\">\n<\/td>\n<\/tr>\n<tr>\n<td valign=\"top\" width=\"156\" height=\"20\">Zuppel, Eddy<\/td>\n<td valign=\"top\" width=\"156\" height=\"20\">Conseil national de recherches Canada<\/td>\n<td valign=\"top\" width=\"142\" height=\"20\">\n<p align=\"center\">X<\/p>\n<\/td>\n<\/tr>\n<\/tbody>\n<\/table>\n<p>&nbsp;<\/p>\n<p><strong>Veuillez contacter Maureen Shuell pour toute question :<\/strong><\/p>\n<p>Maureen Shuell, COO, Mobilit\u00e9 \u00c9lectrique Canada<\/p>\n<p><a href=\"mailto:maureen.shuell@emc-mec.ca\">maureen.shuell@emc-mec.ca<\/a><\/p>\n<p>(416) 898-5600<\/p>\n","protected":false},"excerpt":{"rendered":"<p>Mobilit\u00e9 \u00c9lectrique Canada (MEC) a lanc\u00e9 un appel \u00e0 candidatures pour si\u00e9ger \u00e0 son conseil d&#8217;administration. Nos statuts pr\u00e9voient l\u2019\u00e9lection des membres du conseil d\u2019administration [&hellip;]<\/p>\n","protected":false},"featured_media":0,"menu_order":0,"template":"","meta":{"_acf_changed":false,"_monsterinsights_skip_tracking":false,"_monsterinsights_sitenote_active":false,"_monsterinsights_sitenote_note":"","_monsterinsights_sitenote_category":0},"news-post-category":[51],"class_list":["post-2666","news-post","type-news-post","status-publish","hentry","news-post-category-faits-saillants"],"acf":[],"yoast_head":"<!-- This site is optimized with the Yoast SEO plugin v27.4 - https:\/\/yoast.com\/product\/yoast-seo-wordpress\/ -->\n<title>Appel \u00e0 candidatures: Conseil d&#039;administration 2024-25 - Mobilit\u00e9 Electrique Canada<\/title>\n<meta name=\"robots\" content=\"index, follow, max-snippet:-1, max-image-preview:large, max-video-preview:-1\" \/>\n<link rel=\"canonical\" href=\"https:\/\/emc-mec.ca\/fr\/article-de-nouvelles\/appel-a-candidatures-conseil-dadministration-2024-25\/\" \/>\n<meta property=\"og:locale\" content=\"fr_FR\" \/>\n<meta property=\"og:type\" content=\"article\" \/>\n<meta property=\"og:title\" content=\"Appel \u00e0 candidatures: Conseil d&#039;administration 2024-25 - Mobilit\u00e9 Electrique Canada\" \/>\n<meta property=\"og:description\" content=\"Mobilit\u00e9 \u00c9lectrique Canada (MEC) a lanc\u00e9 un appel \u00e0 candidatures pour si\u00e9ger \u00e0 son conseil d&#8217;administration. Nos statuts pr\u00e9voient l\u2019\u00e9lection des membres du conseil d\u2019administration [&hellip;]\" \/>\n<meta property=\"og:url\" content=\"https:\/\/emc-mec.ca\/fr\/article-de-nouvelles\/appel-a-candidatures-conseil-dadministration-2024-25\/\" \/>\n<meta property=\"og:site_name\" content=\"Mobilit\u00e9 Electrique Canada\" \/>\n<meta property=\"article:modified_time\" content=\"2024-03-12T18:09:50+00:00\" \/>\n<meta name=\"twitter:card\" content=\"summary_large_image\" \/>\n<meta name=\"twitter:label1\" content=\"Dur\u00e9e de lecture estim\u00e9e\" \/>\n\t<meta name=\"twitter:data1\" content=\"5 minutes\" \/>\n<script type=\"application\/ld+json\" class=\"yoast-schema-graph\">{\"@context\":\"https:\\\/\\\/schema.org\",\"@graph\":[{\"@type\":\"WebPage\",\"@id\":\"https:\\\/\\\/emc-mec.ca\\\/fr\\\/article-de-nouvelles\\\/appel-a-candidatures-conseil-dadministration-2024-25\\\/\",\"url\":\"https:\\\/\\\/emc-mec.ca\\\/fr\\\/article-de-nouvelles\\\/appel-a-candidatures-conseil-dadministration-2024-25\\\/\",\"name\":\"Appel \u00e0 candidatures: Conseil d'administration 2024-25 - Mobilit\u00e9 Electrique Canada\",\"isPartOf\":{\"@id\":\"https:\\\/\\\/emc-mec.ca\\\/#website\"},\"datePublished\":\"2024-03-12T18:09:05+00:00\",\"dateModified\":\"2024-03-12T18:09:50+00:00\",\"breadcrumb\":{\"@id\":\"https:\\\/\\\/emc-mec.ca\\\/fr\\\/article-de-nouvelles\\\/appel-a-candidatures-conseil-dadministration-2024-25\\\/#breadcrumb\"},\"inLanguage\":\"fr-FR\",\"potentialAction\":[{\"@type\":\"ReadAction\",\"target\":[\"https:\\\/\\\/emc-mec.ca\\\/fr\\\/article-de-nouvelles\\\/appel-a-candidatures-conseil-dadministration-2024-25\\\/\"]}]},{\"@type\":\"BreadcrumbList\",\"@id\":\"https:\\\/\\\/emc-mec.ca\\\/fr\\\/article-de-nouvelles\\\/appel-a-candidatures-conseil-dadministration-2024-25\\\/#breadcrumb\",\"itemListElement\":[{\"@type\":\"ListItem\",\"position\":1,\"name\":\"Home\",\"item\":\"https:\\\/\\\/emc-mec.ca\\\/fr\\\/\"},{\"@type\":\"ListItem\",\"position\":2,\"name\":\"News\",\"item\":\"https:\\\/\\\/emc-mec.ca\\\/fr\\\/article-de-nouvelles\\\/\"},{\"@type\":\"ListItem\",\"position\":3,\"name\":\"Appel \u00e0 candidatures: Conseil d&#8217;administration 2024-25\"}]},{\"@type\":\"WebSite\",\"@id\":\"https:\\\/\\\/emc-mec.ca\\\/#website\",\"url\":\"https:\\\/\\\/emc-mec.ca\\\/\",\"name\":\"Mobilit\u00e9 Electrique Canada\",\"description\":\"Acc\u00e9l\u00e9rer l&#039;\u00e9lectrification des transports\",\"potentialAction\":[{\"@type\":\"SearchAction\",\"target\":{\"@type\":\"EntryPoint\",\"urlTemplate\":\"https:\\\/\\\/emc-mec.ca\\\/?s={search_term_string}\"},\"query-input\":{\"@type\":\"PropertyValueSpecification\",\"valueRequired\":true,\"valueName\":\"search_term_string\"}}],\"inLanguage\":\"fr-FR\"}]}<\/script>\n<!-- \/ Yoast SEO plugin. -->","yoast_head_json":{"title":"Appel \u00e0 candidatures: Conseil d'administration 2024-25 - Mobilit\u00e9 Electrique Canada","robots":{"index":"index","follow":"follow","max-snippet":"max-snippet:-1","max-image-preview":"max-image-preview:large","max-video-preview":"max-video-preview:-1"},"canonical":"https:\/\/emc-mec.ca\/fr\/article-de-nouvelles\/appel-a-candidatures-conseil-dadministration-2024-25\/","og_locale":"fr_FR","og_type":"article","og_title":"Appel \u00e0 candidatures: Conseil d'administration 2024-25 - Mobilit\u00e9 Electrique Canada","og_description":"Mobilit\u00e9 \u00c9lectrique Canada (MEC) a lanc\u00e9 un appel \u00e0 candidatures pour si\u00e9ger \u00e0 son conseil d&#8217;administration. Nos statuts pr\u00e9voient l\u2019\u00e9lection des membres du conseil d\u2019administration [&hellip;]","og_url":"https:\/\/emc-mec.ca\/fr\/article-de-nouvelles\/appel-a-candidatures-conseil-dadministration-2024-25\/","og_site_name":"Mobilit\u00e9 Electrique Canada","article_modified_time":"2024-03-12T18:09:50+00:00","twitter_card":"summary_large_image","twitter_misc":{"Dur\u00e9e de lecture estim\u00e9e":"5 minutes"},"schema":{"@context":"https:\/\/schema.org","@graph":[{"@type":"WebPage","@id":"https:\/\/emc-mec.ca\/fr\/article-de-nouvelles\/appel-a-candidatures-conseil-dadministration-2024-25\/","url":"https:\/\/emc-mec.ca\/fr\/article-de-nouvelles\/appel-a-candidatures-conseil-dadministration-2024-25\/","name":"Appel \u00e0 candidatures: Conseil d'administration 2024-25 - Mobilit\u00e9 Electrique Canada","isPartOf":{"@id":"https:\/\/emc-mec.ca\/#website"},"datePublished":"2024-03-12T18:09:05+00:00","dateModified":"2024-03-12T18:09:50+00:00","breadcrumb":{"@id":"https:\/\/emc-mec.ca\/fr\/article-de-nouvelles\/appel-a-candidatures-conseil-dadministration-2024-25\/#breadcrumb"},"inLanguage":"fr-FR","potentialAction":[{"@type":"ReadAction","target":["https:\/\/emc-mec.ca\/fr\/article-de-nouvelles\/appel-a-candidatures-conseil-dadministration-2024-25\/"]}]},{"@type":"BreadcrumbList","@id":"https:\/\/emc-mec.ca\/fr\/article-de-nouvelles\/appel-a-candidatures-conseil-dadministration-2024-25\/#breadcrumb","itemListElement":[{"@type":"ListItem","position":1,"name":"Home","item":"https:\/\/emc-mec.ca\/fr\/"},{"@type":"ListItem","position":2,"name":"News","item":"https:\/\/emc-mec.ca\/fr\/article-de-nouvelles\/"},{"@type":"ListItem","position":3,"name":"Appel \u00e0 candidatures: Conseil d&#8217;administration 2024-25"}]},{"@type":"WebSite","@id":"https:\/\/emc-mec.ca\/#website","url":"https:\/\/emc-mec.ca\/","name":"Mobilit\u00e9 Electrique Canada","description":"Acc\u00e9l\u00e9rer l&#039;\u00e9lectrification des transports","potentialAction":[{"@type":"SearchAction","target":{"@type":"EntryPoint","urlTemplate":"https:\/\/emc-mec.ca\/?s={search_term_string}"},"query-input":{"@type":"PropertyValueSpecification","valueRequired":true,"valueName":"search_term_string"}}],"inLanguage":"fr-FR"}]}},"_links":{"self":[{"href":"https:\/\/emc-mec.ca\/fr\/wp-json\/wp\/v2\/news-post\/2666","targetHints":{"allow":["GET"]}}],"collection":[{"href":"https:\/\/emc-mec.ca\/fr\/wp-json\/wp\/v2\/news-post"}],"about":[{"href":"https:\/\/emc-mec.ca\/fr\/wp-json\/wp\/v2\/types\/news-post"}],"wp:attachment":[{"href":"https:\/\/emc-mec.ca\/fr\/wp-json\/wp\/v2\/media?parent=2666"}],"wp:term":[{"taxonomy":"news-post-category","embeddable":true,"href":"https:\/\/emc-mec.ca\/fr\/wp-json\/wp\/v2\/news-post-category?post=2666"}],"curies":[{"name":"wp","href":"https:\/\/api.w.org\/{rel}","templated":true}]}}