{"id":2173,"date":"2023-09-06T10:43:05","date_gmt":"2023-09-06T14:43:05","guid":{"rendered":"https:\/\/emc-mec.ca\/?post_type=news-post&#038;p=2173"},"modified":"2023-09-06T10:50:19","modified_gmt":"2023-09-06T14:50:19","slug":"mobilite-electrique-canada-applaudit-le-nouvel-investissement-dans-la-chaine-dapprovisionnement-des-batteries-de-vehicules-electriques","status":"publish","type":"news-post","link":"https:\/\/emc-mec.ca\/fr\/article-de-nouvelles\/mobilite-electrique-canada-applaudit-le-nouvel-investissement-dans-la-chaine-dapprovisionnement-des-batteries-de-vehicules-electriques\/","title":{"rendered":"Mobilit\u00e9 \u00c9lectrique Canada applaudit le nouvel investissement dans la cha\u00eene d&#8217;approvisionnement des batteries de v\u00e9hicules \u00e9lectriques"},"content":{"rendered":"<p><strong>Le 6 septembre 2023<\/strong> &#8211; Mobilit\u00e9 \u00c9lectrique Canada a accueilli favorablement l&#8217;annonce faite par les gouvernements du Canada et du Qu\u00e9bec, en collaboration avec Volta Energy Solutions Canada Inc., d&#8217;une nouvelle installation de cha\u00eene d&#8217;approvisionnement pour les v\u00e9hicules \u00e9lectriques qui cr\u00e9era des centaines d&#8217;emplois au Qu\u00e9bec.<\/p>\n<p>L&#8217;honorable Fran\u00e7ois-Philippe Champagne, ministre de l&#8217;Innovation, des Sciences et de l&#8217;Industrie, Fran\u00e7ois Legault, premier ministre du Qu\u00e9bec, et Pierre Fitzgibbon, ministre de l&#8217;\u00c9conomie, de l&#8217;Innovation et de l&#8217;\u00c9nergie du Qu\u00e9bec, ont annonc\u00e9 hier que leurs gouvernements respectifs travaillent en \u00e9troite collaboration avec Volta Energy Solutions Canada Inc. pour \u00e9tablir une usine de fabrication de feuilles de cuivre \u00e0 Granby. La feuille de cuivre est un \u00e9l\u00e9ment central et pr\u00e9cieux des batteries des v\u00e9hicules \u00e9lectriques. Le projet devrait permettre de cr\u00e9er et de maintenir 260 emplois hautement qualifi\u00e9s.<\/p>\n<p>\u00ab Cet investissement important dans la cha\u00eene d&#8217;approvisionnement des v\u00e9hicules \u00e9lectriques au Canada renforcera la r\u00e9putation du Canada en tant que partenaire de choix pour l&#8217;avenir du secteur automobile \u00bb , a d\u00e9clar\u00e9 Daniel Breton. \u00ab L&#8217;usine cr\u00e9era des centaines d&#8217;emplois durables et bien r\u00e9mun\u00e9r\u00e9s, stimulera l&#8217;\u00e9conomie et am\u00e9liorera l&#8217;acc\u00e8s aux v\u00e9hicules \u00e0 z\u00e9ro \u00e9mission tout en<br \/>\ncontribuant \u00e0 r\u00e9duire les \u00e9missions de gaz \u00e0 effet de serre afin que le Canada puisse respecter son engagement de devenir neutre en carbone d&#8217;ici 2050. \u00bb<\/p>\n<p>Consultez la version PDF <a href=\"https:\/\/emc-mec.ca\/wp-content\/uploads\/2023\/09\/le-6-sept-comm-de-presse-Volta.pdf\">ici<\/a>.<\/p>\n","protected":false},"excerpt":{"rendered":"<p>Mobilit\u00e9 \u00c9lectrique Canada a accueilli favorablement l&#8217;annonce faite par les gouvernements du Canada et du Qu\u00e9bec, en collaboration avec Volta Energy Solutions Canada Inc., d&#8217;une nouvelle installation de cha\u00eene d&#8217;approvisionnement pour les v\u00e9hicules \u00e9lectriques qui cr\u00e9era des centaines d&#8217;emplois au Qu\u00e9bec.<\/p>\n","protected":false},"featured_media":2172,"menu_order":0,"template":"","meta":{"_acf_changed":false,"_monsterinsights_skip_tracking":false,"_monsterinsights_sitenote_active":false,"_monsterinsights_sitenote_note":"","_monsterinsights_sitenote_category":0},"news-post-category":[58,51],"class_list":["post-2173","news-post","type-news-post","status-publish","has-post-thumbnail","hentry","news-post-category-emc-news-release-fr","news-post-category-faits-saillants"],"acf":[],"yoast_head":"<!-- This site is optimized with the Yoast SEO plugin v27.4 - https:\/\/yoast.com\/product\/yoast-seo-wordpress\/ -->\n<title>Mobilit\u00e9 \u00c9lectrique Canada applaudit le nouvel investissement dans la cha\u00eene d&#039;approvisionnement des batteries de v\u00e9hicules \u00e9lectriques - Mobilit\u00e9 Electrique Canada<\/title>\n<meta name=\"description\" content=\"Mobilit\u00e9 \u00c9lectrique Canada a accueilli favorablement l&#039;annonce faite par les gouvernements du Canada et du Qu\u00e9bec, en collaboration avec Volta Energy Solutions Canada Inc., d&#039;une nouvelle installation de cha\u00eene d&#039;approvisionnement pour les v\u00e9hicules \u00e9lectriques qui cr\u00e9era des centaines d&#039;emplois au Qu\u00e9bec.\" \/>\n<meta name=\"robots\" content=\"index, follow, max-snippet:-1, max-image-preview:large, max-video-preview:-1\" \/>\n<link rel=\"canonical\" href=\"https:\/\/emc-mec.ca\/fr\/article-de-nouvelles\/mobilite-electrique-canada-applaudit-le-nouvel-investissement-dans-la-chaine-dapprovisionnement-des-batteries-de-vehicules-electriques\/\" \/>\n<meta property=\"og:locale\" content=\"fr_FR\" \/>\n<meta property=\"og:type\" content=\"article\" \/>\n<meta property=\"og:title\" content=\"Mobilit\u00e9 \u00c9lectrique Canada applaudit le nouvel investissement dans la cha\u00eene d&#039;approvisionnement des batteries de v\u00e9hicules \u00e9lectriques - Mobilit\u00e9 Electrique Canada\" \/>\n<meta property=\"og:description\" content=\"Mobilit\u00e9 \u00c9lectrique Canada a accueilli favorablement l&#039;annonce faite par les gouvernements du Canada et du Qu\u00e9bec, en collaboration avec Volta Energy Solutions Canada Inc., d&#039;une nouvelle installation de cha\u00eene d&#039;approvisionnement pour les v\u00e9hicules \u00e9lectriques qui cr\u00e9era des centaines d&#039;emplois au Qu\u00e9bec.\" \/>\n<meta property=\"og:url\" content=\"https:\/\/emc-mec.ca\/fr\/article-de-nouvelles\/mobilite-electrique-canada-applaudit-le-nouvel-investissement-dans-la-chaine-dapprovisionnement-des-batteries-de-vehicules-electriques\/\" \/>\n<meta property=\"og:site_name\" content=\"Mobilit\u00e9 Electrique Canada\" \/>\n<meta property=\"article:modified_time\" content=\"2023-09-06T14:50:19+00:00\" \/>\n<meta property=\"og:image\" content=\"https:\/\/emc-mec.ca\/wp-content\/uploads\/2023\/09\/1693957119175.jpg\" \/>\n\t<meta property=\"og:image:width\" content=\"1284\" \/>\n\t<meta property=\"og:image:height\" content=\"963\" \/>\n\t<meta property=\"og:image:type\" content=\"image\/jpeg\" \/>\n<meta name=\"twitter:card\" content=\"summary_large_image\" \/>\n<meta name=\"twitter:label1\" content=\"Dur\u00e9e de lecture estim\u00e9e\" \/>\n\t<meta name=\"twitter:data1\" content=\"1 minute\" \/>\n<script type=\"application\/ld+json\" class=\"yoast-schema-graph\">{\"@context\":\"https:\\\/\\\/schema.org\",\"@graph\":[{\"@type\":\"WebPage\",\"@id\":\"https:\\\/\\\/emc-mec.ca\\\/fr\\\/article-de-nouvelles\\\/mobilite-electrique-canada-applaudit-le-nouvel-investissement-dans-la-chaine-dapprovisionnement-des-batteries-de-vehicules-electriques\\\/\",\"url\":\"https:\\\/\\\/emc-mec.ca\\\/fr\\\/article-de-nouvelles\\\/mobilite-electrique-canada-applaudit-le-nouvel-investissement-dans-la-chaine-dapprovisionnement-des-batteries-de-vehicules-electriques\\\/\",\"name\":\"Mobilit\u00e9 \u00c9lectrique Canada applaudit le nouvel investissement dans la cha\u00eene d'approvisionnement des batteries de v\u00e9hicules \u00e9lectriques - Mobilit\u00e9 Electrique Canada\",\"isPartOf\":{\"@id\":\"https:\\\/\\\/emc-mec.ca\\\/#website\"},\"primaryImageOfPage\":{\"@id\":\"https:\\\/\\\/emc-mec.ca\\\/fr\\\/article-de-nouvelles\\\/mobilite-electrique-canada-applaudit-le-nouvel-investissement-dans-la-chaine-dapprovisionnement-des-batteries-de-vehicules-electriques\\\/#primaryimage\"},\"image\":{\"@id\":\"https:\\\/\\\/emc-mec.ca\\\/fr\\\/article-de-nouvelles\\\/mobilite-electrique-canada-applaudit-le-nouvel-investissement-dans-la-chaine-dapprovisionnement-des-batteries-de-vehicules-electriques\\\/#primaryimage\"},\"thumbnailUrl\":\"https:\\\/\\\/emc-mec.ca\\\/wp-content\\\/uploads\\\/2023\\\/09\\\/1693957119175.jpg\",\"datePublished\":\"2023-09-06T14:43:05+00:00\",\"dateModified\":\"2023-09-06T14:50:19+00:00\",\"description\":\"Mobilit\u00e9 \u00c9lectrique Canada a accueilli favorablement l'annonce faite par les gouvernements du Canada et du Qu\u00e9bec, en collaboration avec Volta Energy Solutions Canada Inc., d'une nouvelle installation de cha\u00eene d'approvisionnement pour les v\u00e9hicules \u00e9lectriques qui cr\u00e9era des centaines d'emplois au Qu\u00e9bec.\",\"breadcrumb\":{\"@id\":\"https:\\\/\\\/emc-mec.ca\\\/fr\\\/article-de-nouvelles\\\/mobilite-electrique-canada-applaudit-le-nouvel-investissement-dans-la-chaine-dapprovisionnement-des-batteries-de-vehicules-electriques\\\/#breadcrumb\"},\"inLanguage\":\"fr-FR\",\"potentialAction\":[{\"@type\":\"ReadAction\",\"target\":[\"https:\\\/\\\/emc-mec.ca\\\/fr\\\/article-de-nouvelles\\\/mobilite-electrique-canada-applaudit-le-nouvel-investissement-dans-la-chaine-dapprovisionnement-des-batteries-de-vehicules-electriques\\\/\"]}]},{\"@type\":\"ImageObject\",\"inLanguage\":\"fr-FR\",\"@id\":\"https:\\\/\\\/emc-mec.ca\\\/fr\\\/article-de-nouvelles\\\/mobilite-electrique-canada-applaudit-le-nouvel-investissement-dans-la-chaine-dapprovisionnement-des-batteries-de-vehicules-electriques\\\/#primaryimage\",\"url\":\"https:\\\/\\\/emc-mec.ca\\\/wp-content\\\/uploads\\\/2023\\\/09\\\/1693957119175.jpg\",\"contentUrl\":\"https:\\\/\\\/emc-mec.ca\\\/wp-content\\\/uploads\\\/2023\\\/09\\\/1693957119175.jpg\",\"width\":1284,\"height\":963},{\"@type\":\"BreadcrumbList\",\"@id\":\"https:\\\/\\\/emc-mec.ca\\\/fr\\\/article-de-nouvelles\\\/mobilite-electrique-canada-applaudit-le-nouvel-investissement-dans-la-chaine-dapprovisionnement-des-batteries-de-vehicules-electriques\\\/#breadcrumb\",\"itemListElement\":[{\"@type\":\"ListItem\",\"position\":1,\"name\":\"Home\",\"item\":\"https:\\\/\\\/emc-mec.ca\\\/fr\\\/\"},{\"@type\":\"ListItem\",\"position\":2,\"name\":\"News\",\"item\":\"https:\\\/\\\/emc-mec.ca\\\/fr\\\/article-de-nouvelles\\\/\"},{\"@type\":\"ListItem\",\"position\":3,\"name\":\"Mobilit\u00e9 \u00c9lectrique Canada applaudit le nouvel investissement dans la cha\u00eene d&#8217;approvisionnement des batteries de v\u00e9hicules \u00e9lectriques\"}]},{\"@type\":\"WebSite\",\"@id\":\"https:\\\/\\\/emc-mec.ca\\\/#website\",\"url\":\"https:\\\/\\\/emc-mec.ca\\\/\",\"name\":\"Mobilit\u00e9 Electrique Canada\",\"description\":\"Acc\u00e9l\u00e9rer l&#039;\u00e9lectrification des transports\",\"potentialAction\":[{\"@type\":\"SearchAction\",\"target\":{\"@type\":\"EntryPoint\",\"urlTemplate\":\"https:\\\/\\\/emc-mec.ca\\\/?s={search_term_string}\"},\"query-input\":{\"@type\":\"PropertyValueSpecification\",\"valueRequired\":true,\"valueName\":\"search_term_string\"}}],\"inLanguage\":\"fr-FR\"}]}<\/script>\n<!-- \/ Yoast SEO plugin. -->","yoast_head_json":{"title":"Mobilit\u00e9 \u00c9lectrique Canada applaudit le nouvel investissement dans la cha\u00eene d'approvisionnement des batteries de v\u00e9hicules \u00e9lectriques - Mobilit\u00e9 Electrique Canada","description":"Mobilit\u00e9 \u00c9lectrique Canada a accueilli favorablement l'annonce faite par les gouvernements du Canada et du Qu\u00e9bec, en collaboration avec Volta Energy Solutions Canada Inc., d'une nouvelle installation de cha\u00eene d'approvisionnement pour les v\u00e9hicules \u00e9lectriques qui cr\u00e9era des centaines d'emplois au Qu\u00e9bec.","robots":{"index":"index","follow":"follow","max-snippet":"max-snippet:-1","max-image-preview":"max-image-preview:large","max-video-preview":"max-video-preview:-1"},"canonical":"https:\/\/emc-mec.ca\/fr\/article-de-nouvelles\/mobilite-electrique-canada-applaudit-le-nouvel-investissement-dans-la-chaine-dapprovisionnement-des-batteries-de-vehicules-electriques\/","og_locale":"fr_FR","og_type":"article","og_title":"Mobilit\u00e9 \u00c9lectrique Canada applaudit le nouvel investissement dans la cha\u00eene d'approvisionnement des batteries de v\u00e9hicules \u00e9lectriques - Mobilit\u00e9 Electrique Canada","og_description":"Mobilit\u00e9 \u00c9lectrique Canada a accueilli favorablement l'annonce faite par les gouvernements du Canada et du Qu\u00e9bec, en collaboration avec Volta Energy Solutions Canada Inc., d'une nouvelle installation de cha\u00eene d'approvisionnement pour les v\u00e9hicules \u00e9lectriques qui cr\u00e9era des centaines d'emplois au Qu\u00e9bec.","og_url":"https:\/\/emc-mec.ca\/fr\/article-de-nouvelles\/mobilite-electrique-canada-applaudit-le-nouvel-investissement-dans-la-chaine-dapprovisionnement-des-batteries-de-vehicules-electriques\/","og_site_name":"Mobilit\u00e9 Electrique Canada","article_modified_time":"2023-09-06T14:50:19+00:00","og_image":[{"width":1284,"height":963,"url":"https:\/\/emc-mec.ca\/wp-content\/uploads\/2023\/09\/1693957119175.jpg","type":"image\/jpeg"}],"twitter_card":"summary_large_image","twitter_misc":{"Dur\u00e9e de lecture estim\u00e9e":"1 minute"},"schema":{"@context":"https:\/\/schema.org","@graph":[{"@type":"WebPage","@id":"https:\/\/emc-mec.ca\/fr\/article-de-nouvelles\/mobilite-electrique-canada-applaudit-le-nouvel-investissement-dans-la-chaine-dapprovisionnement-des-batteries-de-vehicules-electriques\/","url":"https:\/\/emc-mec.ca\/fr\/article-de-nouvelles\/mobilite-electrique-canada-applaudit-le-nouvel-investissement-dans-la-chaine-dapprovisionnement-des-batteries-de-vehicules-electriques\/","name":"Mobilit\u00e9 \u00c9lectrique Canada applaudit le nouvel investissement dans la cha\u00eene d'approvisionnement des batteries de v\u00e9hicules \u00e9lectriques - Mobilit\u00e9 Electrique Canada","isPartOf":{"@id":"https:\/\/emc-mec.ca\/#website"},"primaryImageOfPage":{"@id":"https:\/\/emc-mec.ca\/fr\/article-de-nouvelles\/mobilite-electrique-canada-applaudit-le-nouvel-investissement-dans-la-chaine-dapprovisionnement-des-batteries-de-vehicules-electriques\/#primaryimage"},"image":{"@id":"https:\/\/emc-mec.ca\/fr\/article-de-nouvelles\/mobilite-electrique-canada-applaudit-le-nouvel-investissement-dans-la-chaine-dapprovisionnement-des-batteries-de-vehicules-electriques\/#primaryimage"},"thumbnailUrl":"https:\/\/emc-mec.ca\/wp-content\/uploads\/2023\/09\/1693957119175.jpg","datePublished":"2023-09-06T14:43:05+00:00","dateModified":"2023-09-06T14:50:19+00:00","description":"Mobilit\u00e9 \u00c9lectrique Canada a accueilli favorablement l'annonce faite par les gouvernements du Canada et du Qu\u00e9bec, en collaboration avec Volta Energy Solutions Canada Inc., d'une nouvelle installation de cha\u00eene d'approvisionnement pour les v\u00e9hicules \u00e9lectriques qui cr\u00e9era des centaines d'emplois au Qu\u00e9bec.","breadcrumb":{"@id":"https:\/\/emc-mec.ca\/fr\/article-de-nouvelles\/mobilite-electrique-canada-applaudit-le-nouvel-investissement-dans-la-chaine-dapprovisionnement-des-batteries-de-vehicules-electriques\/#breadcrumb"},"inLanguage":"fr-FR","potentialAction":[{"@type":"ReadAction","target":["https:\/\/emc-mec.ca\/fr\/article-de-nouvelles\/mobilite-electrique-canada-applaudit-le-nouvel-investissement-dans-la-chaine-dapprovisionnement-des-batteries-de-vehicules-electriques\/"]}]},{"@type":"ImageObject","inLanguage":"fr-FR","@id":"https:\/\/emc-mec.ca\/fr\/article-de-nouvelles\/mobilite-electrique-canada-applaudit-le-nouvel-investissement-dans-la-chaine-dapprovisionnement-des-batteries-de-vehicules-electriques\/#primaryimage","url":"https:\/\/emc-mec.ca\/wp-content\/uploads\/2023\/09\/1693957119175.jpg","contentUrl":"https:\/\/emc-mec.ca\/wp-content\/uploads\/2023\/09\/1693957119175.jpg","width":1284,"height":963},{"@type":"BreadcrumbList","@id":"https:\/\/emc-mec.ca\/fr\/article-de-nouvelles\/mobilite-electrique-canada-applaudit-le-nouvel-investissement-dans-la-chaine-dapprovisionnement-des-batteries-de-vehicules-electriques\/#breadcrumb","itemListElement":[{"@type":"ListItem","position":1,"name":"Home","item":"https:\/\/emc-mec.ca\/fr\/"},{"@type":"ListItem","position":2,"name":"News","item":"https:\/\/emc-mec.ca\/fr\/article-de-nouvelles\/"},{"@type":"ListItem","position":3,"name":"Mobilit\u00e9 \u00c9lectrique Canada applaudit le nouvel investissement dans la cha\u00eene d&#8217;approvisionnement des batteries de v\u00e9hicules \u00e9lectriques"}]},{"@type":"WebSite","@id":"https:\/\/emc-mec.ca\/#website","url":"https:\/\/emc-mec.ca\/","name":"Mobilit\u00e9 Electrique Canada","description":"Acc\u00e9l\u00e9rer l&#039;\u00e9lectrification des transports","potentialAction":[{"@type":"SearchAction","target":{"@type":"EntryPoint","urlTemplate":"https:\/\/emc-mec.ca\/?s={search_term_string}"},"query-input":{"@type":"PropertyValueSpecification","valueRequired":true,"valueName":"search_term_string"}}],"inLanguage":"fr-FR"}]}},"_links":{"self":[{"href":"https:\/\/emc-mec.ca\/fr\/wp-json\/wp\/v2\/news-post\/2173","targetHints":{"allow":["GET"]}}],"collection":[{"href":"https:\/\/emc-mec.ca\/fr\/wp-json\/wp\/v2\/news-post"}],"about":[{"href":"https:\/\/emc-mec.ca\/fr\/wp-json\/wp\/v2\/types\/news-post"}],"wp:featuredmedia":[{"embeddable":true,"href":"https:\/\/emc-mec.ca\/fr\/wp-json\/wp\/v2\/media\/2172"}],"wp:attachment":[{"href":"https:\/\/emc-mec.ca\/fr\/wp-json\/wp\/v2\/media?parent=2173"}],"wp:term":[{"taxonomy":"news-post-category","embeddable":true,"href":"https:\/\/emc-mec.ca\/fr\/wp-json\/wp\/v2\/news-post-category?post=2173"}],"curies":[{"name":"wp","href":"https:\/\/api.w.org\/{rel}","templated":true}]}}