{"id":2154,"date":"2023-08-30T14:34:30","date_gmt":"2023-08-30T18:34:30","guid":{"rendered":"https:\/\/emc-mec.ca\/?post_type=news-post&#038;p=2154"},"modified":"2023-08-30T14:51:56","modified_gmt":"2023-08-30T18:51:56","slug":"mobilite-electrique-canada-applaudit-linvestissement-du-gouvernement-federal-dans-les-chargeurs-publics-de-ve-au-quebec","status":"publish","type":"news-post","link":"https:\/\/emc-mec.ca\/fr\/article-de-nouvelles\/mobilite-electrique-canada-applaudit-linvestissement-du-gouvernement-federal-dans-les-chargeurs-publics-de-ve-au-quebec\/","title":{"rendered":"Mobilit\u00e9 \u00c9lectrique Canada applaudit l&#8217;investissement du gouvernement f\u00e9d\u00e9ral dans les chargeurs publics de VE au Qu\u00e9bec"},"content":{"rendered":"<p>QU\u00c9BEC, le 30 ao\u00fbt 2023 &#8212; Le pr\u00e9sident-directeur g\u00e9n\u00e9ral de Mobilit\u00e9 \u00c9lectrique Canada, Daniel Breton, s&#8217;est r\u00e9joui de l&#8217;annonce d&#8217;aujourd&#8217;hui d&#8217;un nouveau financement pour les chargeurs publics de VE au Qu\u00e9bec, soulignant les avantages pour les conducteurs et l&#8217;environnement.<\/p>\n<p>Aujourd\u2019hui, le ministre de l\u2019\u00c9nergie et des Ressources naturelles, l\u2019honorable Jonathan Wilkinson, a annonc\u00e9 pr\u00e8s de 30 millions de dollars d\u2019investissements f\u00e9d\u00e9raux dans l\u2019installation de plus de 1 500 nouvelles bornes de recharge de VE au Qu\u00e9bec, dont plus de 400 bornes de recharge rapide.<\/p>\n<p>Les investissements f\u00e9d\u00e9raux annonc\u00e9s aujourd\u2019hui aideront \u00e0 installer 1 578 bornes de recharge dans le cadre de 18 projets, \u00ab Alors que de plus en plus de Canadiens optent pour des v\u00e9hicules \u00e9lectriques, ceci s&#8217;agit d&#8217;un investissement vital et pr\u00e9cieux qui leur permettra d&#8217;arriver plus facilement et \u00e0 moindre co\u00fbt \u00e0 destination, tout en contribuant \u00e0 r\u00e9duire les \u00e9missions de gaz \u00e0 effet de serre au Canada \u00bb a d\u00e9clar\u00e9 M. Breton. \u00ab Nous saluons le leadership du gouvernement f\u00e9d\u00e9ral et remercions le ministre Wilkinson pour son engagement \u00e0 favoriser la transition vers les v\u00e9hicules \u00e9lectriques gr\u00e2ce au d\u00e9ploiement acc\u00e9l\u00e9r\u00e9 d&#8217;infrastructure de recharge pour v\u00e9hicules \u00e9lectriques \u00e0 travers le Canada. \u00bb<\/p>\n<p>Lors de la conf\u00e9rence de presse, M. Breton a soulign\u00e9 que le Canada et le Qu\u00e9bec ont enregistr\u00e9 des ventes record de v\u00e9hicules \u00e9lectriques au deuxi\u00e8me trimestre de 2023, soit 10,5 % au Canada et 18,4 % au Qu\u00e9bec, et que le Canada a d\u00e9pass\u00e9 son objectif de d\u00e9ploiement de 4 300 bornes de recharge rapide deux ans avant la date pr\u00e9vue.<\/p>\n<p>\u00ab Bien qu&#8217;il reste encore beaucoup de travail \u00e0 faire en ce qui concerne le d\u00e9ploiement de l&#8217;infrastructure de recharge, il ne fait aucun doute qu&#8217;avec l&#8217;annonce d&#8217;aujourd&#8217;hui, nous allons dans la bonne direction \u00bb a d\u00e9clar\u00e9 M. Breton.<\/p>\n<p>Consultez la version PDF <a href=\"https:\/\/emc-mec.ca\/wp-content\/uploads\/2023\/08\/FINALE-30-aout-2023-comm-de-presse-recharge.pdf\">ici<\/a><\/p>\n","protected":false},"excerpt":{"rendered":"<p>Le pr\u00e9sident-directeur g\u00e9n\u00e9ral de Mobilit\u00e9 \u00c9lectrique Canada, Daniel Breton, s&#8217;est r\u00e9joui de l&#8217;annonce d&#8217;aujourd&#8217;hui d&#8217;un nouveau financement pour les chargeurs publics de VE au Qu\u00e9bec, soulignant les avantages pour les conducteurs et l&#8217;environnement.<\/p>\n","protected":false},"featured_media":2152,"menu_order":0,"template":"","meta":{"_acf_changed":false,"_monsterinsights_skip_tracking":false,"_monsterinsights_sitenote_active":false,"_monsterinsights_sitenote_note":"","_monsterinsights_sitenote_category":0},"news-post-category":[58,59],"class_list":["post-2154","news-post","type-news-post","status-publish","has-post-thumbnail","hentry","news-post-category-emc-news-release-fr","news-post-category-communiques-de-presse-de-mec"],"acf":[],"yoast_head":"<!-- This site is optimized with the Yoast SEO plugin v27.4 - https:\/\/yoast.com\/product\/yoast-seo-wordpress\/ -->\n<title>Mobilit\u00e9 \u00c9lectrique Canada applaudit l&#039;investissement du gouvernement f\u00e9d\u00e9ral dans les chargeurs publics de VE au Qu\u00e9bec - Mobilit\u00e9 Electrique Canada<\/title>\n<meta name=\"robots\" content=\"index, follow, max-snippet:-1, max-image-preview:large, max-video-preview:-1\" \/>\n<link rel=\"canonical\" href=\"https:\/\/emc-mec.ca\/fr\/article-de-nouvelles\/mobilite-electrique-canada-applaudit-linvestissement-du-gouvernement-federal-dans-les-chargeurs-publics-de-ve-au-quebec\/\" \/>\n<meta property=\"og:locale\" content=\"fr_FR\" \/>\n<meta property=\"og:type\" content=\"article\" \/>\n<meta property=\"og:title\" content=\"Mobilit\u00e9 \u00c9lectrique Canada applaudit l&#039;investissement du gouvernement f\u00e9d\u00e9ral dans les chargeurs publics de VE au Qu\u00e9bec - Mobilit\u00e9 Electrique Canada\" \/>\n<meta property=\"og:description\" content=\"Le pr\u00e9sident-directeur g\u00e9n\u00e9ral de Mobilit\u00e9 \u00c9lectrique Canada, Daniel Breton, s&#039;est r\u00e9joui de l&#039;annonce d&#039;aujourd&#039;hui d&#039;un nouveau financement pour les chargeurs publics de VE au Qu\u00e9bec, soulignant les avantages pour les conducteurs et l&#039;environnement.\" \/>\n<meta property=\"og:url\" content=\"https:\/\/emc-mec.ca\/fr\/article-de-nouvelles\/mobilite-electrique-canada-applaudit-linvestissement-du-gouvernement-federal-dans-les-chargeurs-publics-de-ve-au-quebec\/\" \/>\n<meta property=\"og:site_name\" content=\"Mobilit\u00e9 Electrique Canada\" \/>\n<meta property=\"article:modified_time\" content=\"2023-08-30T18:51:56+00:00\" \/>\n<meta property=\"og:image\" content=\"https:\/\/emc-mec.ca\/wp-content\/uploads\/2023\/08\/F4thdpeWIAA36Wt.jpg\" \/>\n\t<meta property=\"og:image:width\" content=\"1024\" \/>\n\t<meta property=\"og:image:height\" content=\"640\" \/>\n\t<meta property=\"og:image:type\" content=\"image\/jpeg\" \/>\n<meta name=\"twitter:card\" content=\"summary_large_image\" \/>\n<meta name=\"twitter:label1\" content=\"Dur\u00e9e de lecture estim\u00e9e\" \/>\n\t<meta name=\"twitter:data1\" content=\"2 minutes\" \/>\n<script type=\"application\/ld+json\" class=\"yoast-schema-graph\">{\"@context\":\"https:\\\/\\\/schema.org\",\"@graph\":[{\"@type\":\"WebPage\",\"@id\":\"https:\\\/\\\/emc-mec.ca\\\/fr\\\/article-de-nouvelles\\\/mobilite-electrique-canada-applaudit-linvestissement-du-gouvernement-federal-dans-les-chargeurs-publics-de-ve-au-quebec\\\/\",\"url\":\"https:\\\/\\\/emc-mec.ca\\\/fr\\\/article-de-nouvelles\\\/mobilite-electrique-canada-applaudit-linvestissement-du-gouvernement-federal-dans-les-chargeurs-publics-de-ve-au-quebec\\\/\",\"name\":\"Mobilit\u00e9 \u00c9lectrique Canada applaudit l'investissement du gouvernement f\u00e9d\u00e9ral dans les chargeurs publics de VE au Qu\u00e9bec - Mobilit\u00e9 Electrique Canada\",\"isPartOf\":{\"@id\":\"https:\\\/\\\/emc-mec.ca\\\/#website\"},\"primaryImageOfPage\":{\"@id\":\"https:\\\/\\\/emc-mec.ca\\\/fr\\\/article-de-nouvelles\\\/mobilite-electrique-canada-applaudit-linvestissement-du-gouvernement-federal-dans-les-chargeurs-publics-de-ve-au-quebec\\\/#primaryimage\"},\"image\":{\"@id\":\"https:\\\/\\\/emc-mec.ca\\\/fr\\\/article-de-nouvelles\\\/mobilite-electrique-canada-applaudit-linvestissement-du-gouvernement-federal-dans-les-chargeurs-publics-de-ve-au-quebec\\\/#primaryimage\"},\"thumbnailUrl\":\"https:\\\/\\\/emc-mec.ca\\\/wp-content\\\/uploads\\\/2023\\\/08\\\/F4thdpeWIAA36Wt.jpg\",\"datePublished\":\"2023-08-30T18:34:30+00:00\",\"dateModified\":\"2023-08-30T18:51:56+00:00\",\"breadcrumb\":{\"@id\":\"https:\\\/\\\/emc-mec.ca\\\/fr\\\/article-de-nouvelles\\\/mobilite-electrique-canada-applaudit-linvestissement-du-gouvernement-federal-dans-les-chargeurs-publics-de-ve-au-quebec\\\/#breadcrumb\"},\"inLanguage\":\"fr-FR\",\"potentialAction\":[{\"@type\":\"ReadAction\",\"target\":[\"https:\\\/\\\/emc-mec.ca\\\/fr\\\/article-de-nouvelles\\\/mobilite-electrique-canada-applaudit-linvestissement-du-gouvernement-federal-dans-les-chargeurs-publics-de-ve-au-quebec\\\/\"]}]},{\"@type\":\"ImageObject\",\"inLanguage\":\"fr-FR\",\"@id\":\"https:\\\/\\\/emc-mec.ca\\\/fr\\\/article-de-nouvelles\\\/mobilite-electrique-canada-applaudit-linvestissement-du-gouvernement-federal-dans-les-chargeurs-publics-de-ve-au-quebec\\\/#primaryimage\",\"url\":\"https:\\\/\\\/emc-mec.ca\\\/wp-content\\\/uploads\\\/2023\\\/08\\\/F4thdpeWIAA36Wt.jpg\",\"contentUrl\":\"https:\\\/\\\/emc-mec.ca\\\/wp-content\\\/uploads\\\/2023\\\/08\\\/F4thdpeWIAA36Wt.jpg\",\"width\":1024,\"height\":640},{\"@type\":\"BreadcrumbList\",\"@id\":\"https:\\\/\\\/emc-mec.ca\\\/fr\\\/article-de-nouvelles\\\/mobilite-electrique-canada-applaudit-linvestissement-du-gouvernement-federal-dans-les-chargeurs-publics-de-ve-au-quebec\\\/#breadcrumb\",\"itemListElement\":[{\"@type\":\"ListItem\",\"position\":1,\"name\":\"Home\",\"item\":\"https:\\\/\\\/emc-mec.ca\\\/fr\\\/\"},{\"@type\":\"ListItem\",\"position\":2,\"name\":\"News\",\"item\":\"https:\\\/\\\/emc-mec.ca\\\/fr\\\/article-de-nouvelles\\\/\"},{\"@type\":\"ListItem\",\"position\":3,\"name\":\"Mobilit\u00e9 \u00c9lectrique Canada applaudit l&#8217;investissement du gouvernement f\u00e9d\u00e9ral dans les chargeurs publics de VE au Qu\u00e9bec\"}]},{\"@type\":\"WebSite\",\"@id\":\"https:\\\/\\\/emc-mec.ca\\\/#website\",\"url\":\"https:\\\/\\\/emc-mec.ca\\\/\",\"name\":\"Mobilit\u00e9 Electrique Canada\",\"description\":\"Acc\u00e9l\u00e9rer l&#039;\u00e9lectrification des transports\",\"potentialAction\":[{\"@type\":\"SearchAction\",\"target\":{\"@type\":\"EntryPoint\",\"urlTemplate\":\"https:\\\/\\\/emc-mec.ca\\\/?s={search_term_string}\"},\"query-input\":{\"@type\":\"PropertyValueSpecification\",\"valueRequired\":true,\"valueName\":\"search_term_string\"}}],\"inLanguage\":\"fr-FR\"}]}<\/script>\n<!-- \/ Yoast SEO plugin. -->","yoast_head_json":{"title":"Mobilit\u00e9 \u00c9lectrique Canada applaudit l'investissement du gouvernement f\u00e9d\u00e9ral dans les chargeurs publics de VE au Qu\u00e9bec - Mobilit\u00e9 Electrique Canada","robots":{"index":"index","follow":"follow","max-snippet":"max-snippet:-1","max-image-preview":"max-image-preview:large","max-video-preview":"max-video-preview:-1"},"canonical":"https:\/\/emc-mec.ca\/fr\/article-de-nouvelles\/mobilite-electrique-canada-applaudit-linvestissement-du-gouvernement-federal-dans-les-chargeurs-publics-de-ve-au-quebec\/","og_locale":"fr_FR","og_type":"article","og_title":"Mobilit\u00e9 \u00c9lectrique Canada applaudit l'investissement du gouvernement f\u00e9d\u00e9ral dans les chargeurs publics de VE au Qu\u00e9bec - Mobilit\u00e9 Electrique Canada","og_description":"Le pr\u00e9sident-directeur g\u00e9n\u00e9ral de Mobilit\u00e9 \u00c9lectrique Canada, Daniel Breton, s'est r\u00e9joui de l'annonce d'aujourd'hui d'un nouveau financement pour les chargeurs publics de VE au Qu\u00e9bec, soulignant les avantages pour les conducteurs et l'environnement.","og_url":"https:\/\/emc-mec.ca\/fr\/article-de-nouvelles\/mobilite-electrique-canada-applaudit-linvestissement-du-gouvernement-federal-dans-les-chargeurs-publics-de-ve-au-quebec\/","og_site_name":"Mobilit\u00e9 Electrique Canada","article_modified_time":"2023-08-30T18:51:56+00:00","og_image":[{"width":1024,"height":640,"url":"https:\/\/emc-mec.ca\/wp-content\/uploads\/2023\/08\/F4thdpeWIAA36Wt.jpg","type":"image\/jpeg"}],"twitter_card":"summary_large_image","twitter_misc":{"Dur\u00e9e de lecture estim\u00e9e":"2 minutes"},"schema":{"@context":"https:\/\/schema.org","@graph":[{"@type":"WebPage","@id":"https:\/\/emc-mec.ca\/fr\/article-de-nouvelles\/mobilite-electrique-canada-applaudit-linvestissement-du-gouvernement-federal-dans-les-chargeurs-publics-de-ve-au-quebec\/","url":"https:\/\/emc-mec.ca\/fr\/article-de-nouvelles\/mobilite-electrique-canada-applaudit-linvestissement-du-gouvernement-federal-dans-les-chargeurs-publics-de-ve-au-quebec\/","name":"Mobilit\u00e9 \u00c9lectrique Canada applaudit l'investissement du gouvernement f\u00e9d\u00e9ral dans les chargeurs publics de VE au Qu\u00e9bec - Mobilit\u00e9 Electrique Canada","isPartOf":{"@id":"https:\/\/emc-mec.ca\/#website"},"primaryImageOfPage":{"@id":"https:\/\/emc-mec.ca\/fr\/article-de-nouvelles\/mobilite-electrique-canada-applaudit-linvestissement-du-gouvernement-federal-dans-les-chargeurs-publics-de-ve-au-quebec\/#primaryimage"},"image":{"@id":"https:\/\/emc-mec.ca\/fr\/article-de-nouvelles\/mobilite-electrique-canada-applaudit-linvestissement-du-gouvernement-federal-dans-les-chargeurs-publics-de-ve-au-quebec\/#primaryimage"},"thumbnailUrl":"https:\/\/emc-mec.ca\/wp-content\/uploads\/2023\/08\/F4thdpeWIAA36Wt.jpg","datePublished":"2023-08-30T18:34:30+00:00","dateModified":"2023-08-30T18:51:56+00:00","breadcrumb":{"@id":"https:\/\/emc-mec.ca\/fr\/article-de-nouvelles\/mobilite-electrique-canada-applaudit-linvestissement-du-gouvernement-federal-dans-les-chargeurs-publics-de-ve-au-quebec\/#breadcrumb"},"inLanguage":"fr-FR","potentialAction":[{"@type":"ReadAction","target":["https:\/\/emc-mec.ca\/fr\/article-de-nouvelles\/mobilite-electrique-canada-applaudit-linvestissement-du-gouvernement-federal-dans-les-chargeurs-publics-de-ve-au-quebec\/"]}]},{"@type":"ImageObject","inLanguage":"fr-FR","@id":"https:\/\/emc-mec.ca\/fr\/article-de-nouvelles\/mobilite-electrique-canada-applaudit-linvestissement-du-gouvernement-federal-dans-les-chargeurs-publics-de-ve-au-quebec\/#primaryimage","url":"https:\/\/emc-mec.ca\/wp-content\/uploads\/2023\/08\/F4thdpeWIAA36Wt.jpg","contentUrl":"https:\/\/emc-mec.ca\/wp-content\/uploads\/2023\/08\/F4thdpeWIAA36Wt.jpg","width":1024,"height":640},{"@type":"BreadcrumbList","@id":"https:\/\/emc-mec.ca\/fr\/article-de-nouvelles\/mobilite-electrique-canada-applaudit-linvestissement-du-gouvernement-federal-dans-les-chargeurs-publics-de-ve-au-quebec\/#breadcrumb","itemListElement":[{"@type":"ListItem","position":1,"name":"Home","item":"https:\/\/emc-mec.ca\/fr\/"},{"@type":"ListItem","position":2,"name":"News","item":"https:\/\/emc-mec.ca\/fr\/article-de-nouvelles\/"},{"@type":"ListItem","position":3,"name":"Mobilit\u00e9 \u00c9lectrique Canada applaudit l&#8217;investissement du gouvernement f\u00e9d\u00e9ral dans les chargeurs publics de VE au Qu\u00e9bec"}]},{"@type":"WebSite","@id":"https:\/\/emc-mec.ca\/#website","url":"https:\/\/emc-mec.ca\/","name":"Mobilit\u00e9 Electrique Canada","description":"Acc\u00e9l\u00e9rer l&#039;\u00e9lectrification des transports","potentialAction":[{"@type":"SearchAction","target":{"@type":"EntryPoint","urlTemplate":"https:\/\/emc-mec.ca\/?s={search_term_string}"},"query-input":{"@type":"PropertyValueSpecification","valueRequired":true,"valueName":"search_term_string"}}],"inLanguage":"fr-FR"}]}},"_links":{"self":[{"href":"https:\/\/emc-mec.ca\/fr\/wp-json\/wp\/v2\/news-post\/2154","targetHints":{"allow":["GET"]}}],"collection":[{"href":"https:\/\/emc-mec.ca\/fr\/wp-json\/wp\/v2\/news-post"}],"about":[{"href":"https:\/\/emc-mec.ca\/fr\/wp-json\/wp\/v2\/types\/news-post"}],"wp:featuredmedia":[{"embeddable":true,"href":"https:\/\/emc-mec.ca\/fr\/wp-json\/wp\/v2\/media\/2152"}],"wp:attachment":[{"href":"https:\/\/emc-mec.ca\/fr\/wp-json\/wp\/v2\/media?parent=2154"}],"wp:term":[{"taxonomy":"news-post-category","embeddable":true,"href":"https:\/\/emc-mec.ca\/fr\/wp-json\/wp\/v2\/news-post-category?post=2154"}],"curies":[{"name":"wp","href":"https:\/\/api.w.org\/{rel}","templated":true}]}}