{"id":1616,"date":"2023-03-28T12:00:16","date_gmt":"2023-03-28T16:00:16","guid":{"rendered":"https:\/\/emc-mec.ca\/news-post\/emc-welcomes-federal-budget-investments\/"},"modified":"2023-05-29T12:08:17","modified_gmt":"2023-05-29T16:08:17","slug":"emc-welcomes-federal-budget-investments","status":"publish","type":"news-post","link":"https:\/\/emc-mec.ca\/fr\/article-de-nouvelles\/emc-welcomes-federal-budget-investments\/","title":{"rendered":"MEC se r\u00e9jouit des investissements du budget f\u00e9d\u00e9ral"},"content":{"rendered":"<p>OTTAWA, le 28 mars 2023 \u2013 Mobilit\u00e9 \u00c9lectrique Canada (MEC) est heureuse de constater que le budget 2023 du Canada comprend des investissements qui contribueront \u00e0 faire progresser l\u2019\u00e9lectrification de l\u2019industrie des transports, \u00e0 cr\u00e9er des emplois durables et \u00e0 lutter contre les changements climatiques<br \/>\ntout en aidant les Canadiens \u00e0 acc\u00e9der plus facilement \u00e0 un r\u00e9seau \u00e9lectrique propre.<\/p>\n<p>\u00ab Nous f\u00e9licitons le gouvernement f\u00e9d\u00e9ral d\u2019avoir fait preuve de leadership dans son engagement \u00e0 d\u00e9velopper l\u2019industrie canadienne du transport propre \u00bb, a d\u00e9clar\u00e9 Daniel Breton, pr\u00e9sident et directeur-g\u00e9n\u00e9ral de M\u00c9C. \u00ab Les mesures annonc\u00e9es dans le budget d\u2019aujourd\u2019hui contribueront \u00e0 soutenir le d\u00e9veloppement de l\u2019industrie canadienne des VE, de la production de min\u00e9raux critiques \u00e0 la fabrication de VE, en passant par une infrastructure d\u2019\u00e9lectricit\u00e9 propre qui m\u00e8nera \u00e0 un nombre croissant d\u2019emplois durables et bien r\u00e9mun\u00e9r\u00e9s dont nous aurons besoin pour soutenir la transition vers une \u00e9conomie nette z\u00e9ro d\u2019ici 2050. \u00bb<\/p>\n<p>Le budget comprend des mesures visant \u00e0 garantir la comp\u00e9titivit\u00e9 du Canada \u00e0 l\u2019\u00e9chelle mondiale, notamment :<\/p>\n<p>a) Un cr\u00e9dit d\u2019imp\u00f4t de 15 % qui s\u2019appliquera au capital investi dans des projets d\u2019extraction et de transformation de min\u00e9raux critiques, ainsi qu\u2019au mat\u00e9riel utilis\u00e9 dans la cha\u00eene d\u2019approvisionnement des v\u00e9hicules \u00e9lectriques ;<\/p>\n<p>b) Un cr\u00e9dit d\u2019imp\u00f4t remboursable de 15 % pour les investissements admissibles dans les syst\u00e8mes de production d\u2019\u00e9lectricit\u00e9 sans \u00e9missions, les syst\u00e8mes de production d\u2019\u00e9lectricit\u00e9 aliment\u00e9s au gaz naturel, les syst\u00e8mes stationnaires de stockage d\u2019\u00e9lectricit\u00e9 et le mat\u00e9riel de transmission<br \/>\nd\u2019\u00e9lectricit\u00e9 entre les provinces et les territoires ;<\/p>\n<p>c) Un cr\u00e9dit d\u2019imp\u00f4t remboursable \u00e9gal \u00e0 30 % du co\u00fbt des investissements dans de nouvelles machines et de nouveaux \u00e9quipements utilis\u00e9s pour fabriquer ou traiter des technologies propres cl\u00e9s, et extraire, traiter ou recycler des min\u00e9raux critiques cl\u00e9s, y compris :<\/p>\n<ul>\n<li>L\u2019extraction, le traitement ou le recyclage de min\u00e9raux essentiels pour les cha\u00eenes d\u2019approvisionnement en technologies propres, en particulier le lithium, le cobalt, le nickel, legraphite, le cuivre et les \u00e9l\u00e9ments des terres rares ;<\/li>\n<li>La fabrication d\u2019\u00e9quipements pour les \u00e9nergies renouvelables ou nucl\u00e9aires ;<\/li>\n<li>Le traitement ou recyclage des combustibles nucl\u00e9aires et de l\u2019eau lourde ;<\/li>\n<li>La Fabrication d\u2019\u00e9quipements de stockage de l\u2019\u00e9nergie \u00e9lectrique \u00e0 l\u2019\u00e9chelle du r\u00e9seau ;<\/li>\n<li>La fabrication de v\u00e9hicules \u00e0 z\u00e9ro \u00e9mission ; et,<\/li>\n<li>La fabrication ou le traitement de certains composants et mat\u00e9riaux en amont pour les activit\u00e9s susmentionn\u00e9es, tels que les mat\u00e9riaux cathodiques et les batteries utilis\u00e9s dans les v\u00e9hicules \u00e9lectriques.<\/li>\n<\/ul>\n<p>Le cr\u00e9dit d\u2019imp\u00f4t \u00e0 l\u2019investissement devrait co\u00fbter 4,5 milliards de dollars sur cinq ans, \u00e0 partir de 2023-24, et 6,6 milliards de dollars suppl\u00e9mentaires entre 2028-29 et 2034-35. Le cr\u00e9dit s\u2019appliquerait aux biens acquis et mis en service \u00e0 partir du 1er janvier 2024 et ne serait plus en vigueur apr\u00e8s 2034, sous r\u00e9serve d\u2019une suppression progressive \u00e0 partir de 2032.<\/p>\n<p>d) Renforcer les taux d\u2019imposition r\u00e9duits pour les fabricants de technologies \u00e0 \u00e9missions nulles :<br \/>\nAfin de construire davantage de technologies \u00e0 z\u00e9ro \u00e9mission au Canada, le budget 2021 a r\u00e9duit de moiti\u00e9 les taux d\u2019imposition sur le revenu des soci\u00e9t\u00e9s pour les fabricants de technologies \u00e0 z\u00e9ro \u00e9mission afin de stimuler l\u2019investissement et de cr\u00e9er de nouveaux emplois. Ces taux, de 4,5 % pour<br \/>\nles petites entreprises et de 7,5 % pour les autres entreprises, doivent actuellement expirer \u00e0 partir de 2032, sous r\u00e9serve d\u2019une \u00e9limination progressive \u00e0 partir de 2029. Compte tenu des nouvelles possibilit\u00e9s qui s\u2019offrent \u00e0 nous, il est important de prolonger ce soutien afin que les entreprises disposent de la marge de man\u0153uvre dont elles ont besoin pour innover et produire des technologies non polluantes.<\/p>\n<p>Le budget 2023 propose de prolonger de trois ans la disponibilit\u00e9 de ces taux r\u00e9duits, de sorte que les taux d\u2019imposition r\u00e9duits ne seraient plus en vigueur pour les ann\u00e9es d\u2019imposition commen\u00e7ant apr\u00e8s 2034, sous r\u00e9serve d\u2019une \u00e9limination progressive \u00e0 compter de 2032.<\/p>\n<p>e) Le budget 2023 propose de fournir 500 millions de dollars sur dix ans au Fonds strat\u00e9gique pour l\u2019innovation afin de soutenir le d\u00e9veloppement et l\u2019application de technologies propres au Canada. Le Fonds strat\u00e9gique pour l\u2019innovation consacrera \u00e9galement jusqu\u2019\u00e0 1,5 milliard de dollars de ses ressources existantes \u00e0 des projets dans des secteurs tels que les technologies propres, les min\u00e9raux essentiels et la transformation industrielle.<\/p>\n<p>f) Moderniser le CNRC : Dans le budget 2023, le gouvernement propose d\u2019apporter des modifications l\u00e9gislatives \u00e0 la Loi sur le Conseil national de recherches, ainsi que toute autre modification corr\u00e9lative, de coordination ou transitoire n\u00e9cessaire, afin de donner au Conseil national de recherches une marge de man\u0153uvre op\u00e9rationnelle qui lui permettra de mieux s\u2019assurer qu\u2019il peut fournir un soutien pratique aux innovateurs du Canada gr\u00e2ce \u00e0 l\u2019acc\u00e8s en temps opportun \u00e0 des installations sp\u00e9cialis\u00e9es et \u00e0 de l\u2019expertise.<\/p>\n<p>g) Soutenir l\u2019acquisition de v\u00e9hicules \u00e0 z\u00e9ro \u00e9mission pour les flottes f\u00e9d\u00e9rales : Dans le budget de 2023, le gouvernement propose de modifier la Loi sur les fonds renouvelables afin d\u2019augmenter de 10 millions de dollars le pouvoir de pr\u00e9l\u00e8vement dans le cadre du Fonds renouvelable des services<br \/>\noptionnels de Services publics et approvisionnement Canada (SPAC). Le gouvernement propose \u00e9galement d\u2019ajouter un nouveau poste budg\u00e9taire pour permettre au SPAC d\u2019acheter des v\u00e9hicules \u00e0 \u00e9missions nulles au nom des minist\u00e8res et organismes clients.<\/p>\n<p><a href=\"https:\/\/emc-mec.ca\/wp-content\/uploads\/Le-28-mars-2023-FINALE-Communiqu%C3%A9-Budget-f%C3%A9d%C3%A9ral-.pdf\"><span class=\"Y2IQFc\" lang=\"fr\">T\u00e9l\u00e9charger le communiqu\u00e9 de presse.<\/span><\/a><\/p>\n","protected":false},"excerpt":{"rendered":"<p>MEC se r\u00e9jouit des investissments du budget f\u00e9d\u00e9ral dans l&#8217;industrie canadienne des v\u00e9hicules \u00e9lectriques, de l&#8217;expolitation mini\u00e8re \u00e0 la mobilit\u00e9<\/p>\n","protected":false},"featured_media":0,"menu_order":0,"template":"","meta":{"_acf_changed":false,"_monsterinsights_skip_tracking":false,"_monsterinsights_sitenote_active":false,"_monsterinsights_sitenote_note":"","_monsterinsights_sitenote_category":0},"news-post-category":[58],"class_list":["post-1616","news-post","type-news-post","status-publish","hentry","news-post-category-emc-news-release-fr"],"acf":[],"yoast_head":"<!-- This site is optimized with the Yoast SEO plugin v27.4 - https:\/\/yoast.com\/product\/yoast-seo-wordpress\/ -->\n<title>MEC se r\u00e9jouit des investissements du budget f\u00e9d\u00e9ral - Mobilit\u00e9 Electrique Canada<\/title>\n<meta name=\"description\" content=\"MEC se r\u00e9jouit des investissments du budget f\u00e9d\u00e9ral dans l&#039;industrie canadienne des v\u00e9hicules \u00e9lectriques, de l&#039;expolitation mini\u00e8re \u00e0 la mobilit\u00e9\" \/>\n<meta name=\"robots\" content=\"index, follow, max-snippet:-1, max-image-preview:large, max-video-preview:-1\" \/>\n<link rel=\"canonical\" href=\"https:\/\/emc-mec.ca\/fr\/article-de-nouvelles\/emc-welcomes-federal-budget-investments\/\" \/>\n<meta property=\"og:locale\" content=\"fr_FR\" \/>\n<meta property=\"og:type\" content=\"article\" \/>\n<meta property=\"og:title\" content=\"MEC se r\u00e9jouit des investissements du budget f\u00e9d\u00e9ral - Mobilit\u00e9 Electrique Canada\" \/>\n<meta property=\"og:description\" content=\"MEC se r\u00e9jouit des investissments du budget f\u00e9d\u00e9ral dans l&#039;industrie canadienne des v\u00e9hicules \u00e9lectriques, de l&#039;expolitation mini\u00e8re \u00e0 la mobilit\u00e9\" \/>\n<meta property=\"og:url\" content=\"https:\/\/emc-mec.ca\/fr\/article-de-nouvelles\/emc-welcomes-federal-budget-investments\/\" \/>\n<meta property=\"og:site_name\" content=\"Mobilit\u00e9 Electrique Canada\" \/>\n<meta property=\"article:modified_time\" content=\"2023-05-29T16:08:17+00:00\" \/>\n<meta name=\"twitter:card\" content=\"summary_large_image\" \/>\n<meta name=\"twitter:label1\" content=\"Dur\u00e9e de lecture estim\u00e9e\" \/>\n\t<meta name=\"twitter:data1\" content=\"4 minutes\" \/>\n<script type=\"application\/ld+json\" class=\"yoast-schema-graph\">{\"@context\":\"https:\\\/\\\/schema.org\",\"@graph\":[{\"@type\":\"WebPage\",\"@id\":\"https:\\\/\\\/emc-mec.ca\\\/fr\\\/article-de-nouvelles\\\/emc-welcomes-federal-budget-investments\\\/\",\"url\":\"https:\\\/\\\/emc-mec.ca\\\/fr\\\/article-de-nouvelles\\\/emc-welcomes-federal-budget-investments\\\/\",\"name\":\"MEC se r\u00e9jouit des investissements du budget f\u00e9d\u00e9ral - Mobilit\u00e9 Electrique Canada\",\"isPartOf\":{\"@id\":\"https:\\\/\\\/emc-mec.ca\\\/#website\"},\"datePublished\":\"2023-03-28T16:00:16+00:00\",\"dateModified\":\"2023-05-29T16:08:17+00:00\",\"description\":\"MEC se r\u00e9jouit des investissments du budget f\u00e9d\u00e9ral dans l'industrie canadienne des v\u00e9hicules \u00e9lectriques, de l'expolitation mini\u00e8re \u00e0 la mobilit\u00e9\",\"breadcrumb\":{\"@id\":\"https:\\\/\\\/emc-mec.ca\\\/fr\\\/article-de-nouvelles\\\/emc-welcomes-federal-budget-investments\\\/#breadcrumb\"},\"inLanguage\":\"fr-FR\",\"potentialAction\":[{\"@type\":\"ReadAction\",\"target\":[\"https:\\\/\\\/emc-mec.ca\\\/fr\\\/article-de-nouvelles\\\/emc-welcomes-federal-budget-investments\\\/\"]}]},{\"@type\":\"BreadcrumbList\",\"@id\":\"https:\\\/\\\/emc-mec.ca\\\/fr\\\/article-de-nouvelles\\\/emc-welcomes-federal-budget-investments\\\/#breadcrumb\",\"itemListElement\":[{\"@type\":\"ListItem\",\"position\":1,\"name\":\"Home\",\"item\":\"https:\\\/\\\/emc-mec.ca\\\/fr\\\/\"},{\"@type\":\"ListItem\",\"position\":2,\"name\":\"News\",\"item\":\"https:\\\/\\\/emc-mec.ca\\\/fr\\\/article-de-nouvelles\\\/\"},{\"@type\":\"ListItem\",\"position\":3,\"name\":\"MEC se r\u00e9jouit des investissements du budget f\u00e9d\u00e9ral\"}]},{\"@type\":\"WebSite\",\"@id\":\"https:\\\/\\\/emc-mec.ca\\\/#website\",\"url\":\"https:\\\/\\\/emc-mec.ca\\\/\",\"name\":\"Mobilit\u00e9 Electrique Canada\",\"description\":\"Acc\u00e9l\u00e9rer l&#039;\u00e9lectrification des transports\",\"potentialAction\":[{\"@type\":\"SearchAction\",\"target\":{\"@type\":\"EntryPoint\",\"urlTemplate\":\"https:\\\/\\\/emc-mec.ca\\\/?s={search_term_string}\"},\"query-input\":{\"@type\":\"PropertyValueSpecification\",\"valueRequired\":true,\"valueName\":\"search_term_string\"}}],\"inLanguage\":\"fr-FR\"}]}<\/script>\n<!-- \/ Yoast SEO plugin. -->","yoast_head_json":{"title":"MEC se r\u00e9jouit des investissements du budget f\u00e9d\u00e9ral - Mobilit\u00e9 Electrique Canada","description":"MEC se r\u00e9jouit des investissments du budget f\u00e9d\u00e9ral dans l'industrie canadienne des v\u00e9hicules \u00e9lectriques, de l'expolitation mini\u00e8re \u00e0 la mobilit\u00e9","robots":{"index":"index","follow":"follow","max-snippet":"max-snippet:-1","max-image-preview":"max-image-preview:large","max-video-preview":"max-video-preview:-1"},"canonical":"https:\/\/emc-mec.ca\/fr\/article-de-nouvelles\/emc-welcomes-federal-budget-investments\/","og_locale":"fr_FR","og_type":"article","og_title":"MEC se r\u00e9jouit des investissements du budget f\u00e9d\u00e9ral - Mobilit\u00e9 Electrique Canada","og_description":"MEC se r\u00e9jouit des investissments du budget f\u00e9d\u00e9ral dans l'industrie canadienne des v\u00e9hicules \u00e9lectriques, de l'expolitation mini\u00e8re \u00e0 la mobilit\u00e9","og_url":"https:\/\/emc-mec.ca\/fr\/article-de-nouvelles\/emc-welcomes-federal-budget-investments\/","og_site_name":"Mobilit\u00e9 Electrique Canada","article_modified_time":"2023-05-29T16:08:17+00:00","twitter_card":"summary_large_image","twitter_misc":{"Dur\u00e9e de lecture estim\u00e9e":"4 minutes"},"schema":{"@context":"https:\/\/schema.org","@graph":[{"@type":"WebPage","@id":"https:\/\/emc-mec.ca\/fr\/article-de-nouvelles\/emc-welcomes-federal-budget-investments\/","url":"https:\/\/emc-mec.ca\/fr\/article-de-nouvelles\/emc-welcomes-federal-budget-investments\/","name":"MEC se r\u00e9jouit des investissements du budget f\u00e9d\u00e9ral - Mobilit\u00e9 Electrique Canada","isPartOf":{"@id":"https:\/\/emc-mec.ca\/#website"},"datePublished":"2023-03-28T16:00:16+00:00","dateModified":"2023-05-29T16:08:17+00:00","description":"MEC se r\u00e9jouit des investissments du budget f\u00e9d\u00e9ral dans l'industrie canadienne des v\u00e9hicules \u00e9lectriques, de l'expolitation mini\u00e8re \u00e0 la mobilit\u00e9","breadcrumb":{"@id":"https:\/\/emc-mec.ca\/fr\/article-de-nouvelles\/emc-welcomes-federal-budget-investments\/#breadcrumb"},"inLanguage":"fr-FR","potentialAction":[{"@type":"ReadAction","target":["https:\/\/emc-mec.ca\/fr\/article-de-nouvelles\/emc-welcomes-federal-budget-investments\/"]}]},{"@type":"BreadcrumbList","@id":"https:\/\/emc-mec.ca\/fr\/article-de-nouvelles\/emc-welcomes-federal-budget-investments\/#breadcrumb","itemListElement":[{"@type":"ListItem","position":1,"name":"Home","item":"https:\/\/emc-mec.ca\/fr\/"},{"@type":"ListItem","position":2,"name":"News","item":"https:\/\/emc-mec.ca\/fr\/article-de-nouvelles\/"},{"@type":"ListItem","position":3,"name":"MEC se r\u00e9jouit des investissements du budget f\u00e9d\u00e9ral"}]},{"@type":"WebSite","@id":"https:\/\/emc-mec.ca\/#website","url":"https:\/\/emc-mec.ca\/","name":"Mobilit\u00e9 Electrique Canada","description":"Acc\u00e9l\u00e9rer l&#039;\u00e9lectrification des transports","potentialAction":[{"@type":"SearchAction","target":{"@type":"EntryPoint","urlTemplate":"https:\/\/emc-mec.ca\/?s={search_term_string}"},"query-input":{"@type":"PropertyValueSpecification","valueRequired":true,"valueName":"search_term_string"}}],"inLanguage":"fr-FR"}]}},"_links":{"self":[{"href":"https:\/\/emc-mec.ca\/fr\/wp-json\/wp\/v2\/news-post\/1616","targetHints":{"allow":["GET"]}}],"collection":[{"href":"https:\/\/emc-mec.ca\/fr\/wp-json\/wp\/v2\/news-post"}],"about":[{"href":"https:\/\/emc-mec.ca\/fr\/wp-json\/wp\/v2\/types\/news-post"}],"wp:attachment":[{"href":"https:\/\/emc-mec.ca\/fr\/wp-json\/wp\/v2\/media?parent=1616"}],"wp:term":[{"taxonomy":"news-post-category","embeddable":true,"href":"https:\/\/emc-mec.ca\/fr\/wp-json\/wp\/v2\/news-post-category?post=1616"}],"curies":[{"name":"wp","href":"https:\/\/api.w.org\/{rel}","templated":true}]}}